{"id":17578,"date":"2023-07-07T06:57:53","date_gmt":"2023-07-07T04:57:53","guid":{"rendered":"https:\/\/www.tuvalubarcelona.es\/der-realisierte-traum\/"},"modified":"2023-07-07T06:57:53","modified_gmt":"2023-07-07T04:57:53","slug":"der-realisierte-traum","status":"publish","type":"post","link":"https:\/\/www.tuvalubarcelona.es\/de\/der-realisierte-traum\/","title":{"rendered":"Der realisierte Traum"},"content":{"rendered":"<p style=\"font-weight: 400;\">Ich bin konfus. Hatte ich doch ein bestechend einfacher Plan. Ein klares Ziel. Man f\u00e4hrt einmal um die Welt. Einfacher gehts kaum. Von Barcelona nach Barcelona. Stets voran westw\u00e4rts. Bis man wieder zu Hause ist. Irgendwann.<\/p>\n<p style=\"font-weight: 400;\">Es sei denn, dass mal unverhofft ein Kontinent im Wege steht. Dann verl\u00e4sst man gezwungenermassen den logisch erscheinenden Track. Biegt nach Nord oder S\u00fcd ab. Bald realisierend, dass man auch etwas l\u00e4nger verweilen k\u00f6nnte. Wozu die Hast? Macht einen Abstecher dahin oder dorthin. Der eigentliche Plan wird nun das Unterwegs sein, das Erleben, das Reisen. Das Ziel wieder in Barcelona anzukommen, verfl\u00fcchtigt sich. Aufgel\u00f6st in den grossen Weltmeeren. Wieder L &#8211; E &#8211; B &#8211; E &#8211; N, habe ich doch beim Start gesagt.<\/p>\n<p style=\"font-weight: 400;\">Trotzdem. Seit wir Djibouti verlassen haben und Anfangs Februar ins Rote Meer reingefahren sind, hat sich in meinem Hinterkopf latent ein Gedanke eingenistet: Schon bald ist alles vorbei. Trotz all den noch folgenden vibrierenden Erlebnissen und Begegnungen in Jemen, Sudan, in \u00c4gypten. Der oft so fremden, irritierenden islamischen Kultur, der bedr\u00fcckenden Armut, den aufregenden Ankerpl\u00e4tzen hinter den Korallenriffen. Der Gedanke hat sich festgekrallt, eine leichte Melancholie weitet sich in meiner Seele aus.<\/p>\n<p style=\"font-weight: 400;\">Mitte Mai werden wir unvermittelt wie der soeben abgeschossene Korken der sch\u00e4umenden Champagner &#8211; Flasche aus dem Suez &#8211; Kanal herausgesp\u00fclt. Auch wenn es dasselbe salzige Meerwasser ist wie \u00fcberall, wir im Wind kr\u00e4ngen und in den Wellen schaukeln wie eh und je. Wie seit Wochen dieselben riesigen \u00d6ltanker zuvor majest\u00e4tisch an uns vorbeiziehen. Innert Sekundenbruchteilen ist alles anders. Real. Wir sind zur\u00fcck im domestizierten Mittelmeer. Unser Mediterr\u00e1neo. Das zuhause. Wir sind angekommen. Denn da vorne, wenn auch noch geschlagene 1600 Meilen von uns entfernt, liegt Barcelona. Das vermeintliche Ende.<\/p>\n<p style=\"font-weight: 400;\">Schon bald dunkelt es ein und die letzten vor Anker liegenden Containerschiffe liegen hinter uns. Und wie tausende Mal zuvor, gehen wir wieder in den Nacht &#8211; Modus. Rettungswesten, Lifelines, Kopflampen, der Salon wird zur Schlafst\u00e4tte. Imma macht Wache bis zwei Uhr nachts, ich dann bis in den Morgen hinein. Alles ist wieder wie immer, vergessen ist das Ende der Reise, die Melancholie. Wir segeln voran zum unbekannten Ziel. Wohin auch immer.<\/p>\n<p style=\"font-weight: 400;\">Zwei Tage sp\u00e4ter treffen wir in Ayia Napa an der S\u00fcdk\u00fcste Zyperns ein, eine brandneue Marina mit exzellenter Architektur. Das Leben hier sehr europ\u00e4isch, aller Luxus ist zu haben, die Restaurants mit exquisiter mediterraner K\u00fcche und gutem Wein. Was f\u00fcr ein Kontrast zu \u00c4gypten. Auch begeistert uns die getrennte Hauptstadt Nikosia, innovative Kultur fast wie bei uns zuhause in Barcelonas Poblenou. Doch Zypern liegt ausserhalb der Schengen &#8211; Zone. Also sind wir doch noch nicht ganz zu Hause.<\/p>\n<p style=\"font-weight: 400;\">In Finike an der t\u00fcrkischen S\u00fcdk\u00fcste werden wir dann unverhofft einen Schritt zur\u00fcckgeschoben. Wir lauschen wieder dem besinnlichen Ruf der Muezzine zum Gebet, w\u00e4hrend wir noch in der Koje liegen. Alles ist wieder sympathisch unaufger\u00e4umt, und statt Europ\u00e4ern sind die Russen omnipr\u00e4sent. Langsam tuckern wir der K\u00fcsten entlang hinauf und schon fast f\u00fchle ich mich wieder in \u00c4gypten.<\/p>\n<p style=\"font-weight: 400;\">Nur wenige Meilen vor der K\u00fcste liegt Kos, unsere erste griechische Insel. Wie absurd sind doch die Grenzen. Hier sind keine Stempel mehr im Pass erforderlich, das Einklarieren gestaltet sich problemlos. Die Yacht darf uneingeschr\u00e4nkt hierbleiben. Dies ist ja Europa. Nun sind wir wirklich um die Welt gesegelt, sagt Imma. Abends feiern wir ein weiteres Mal unsere Umrundung, mit Ouzo, Tzazikei uns Souflaki. Schwankend kehren wir sp\u00e4t abends auf die vor Anker liegende Tuvalu zur\u00fcck.<\/p>\n<p style=\"font-weight: 400;\">Dort trifft uns die Nachricht wie ein Hammerschlag einer Sturmb\u00f6e. Sofort sind wir wieder n\u00fcchtern. Imma\u2018s Mama liegt im Sterben. Am n\u00e4chsten Morgen fliegt sie \u00fcberhastet nach Barcelona, zum Gl\u00fcck sind wir nun schon in der N\u00e4he. Der Tod ihres Vaters 2011 in der Karibik segelnd, dr\u00e4ngt sich unweigerlich zur\u00fcck in unser Gewissen.<\/p>\n<p style=\"font-weight: 400;\">Derweil taumle ich segelnd weiter, bis ich in Leros einen Platz in der Marina finde. Hier liegen auch Miguel und Dora mit ihrer Oceanovi, welche uns im Jahre 2010 bei einem zuf\u00e4lligen Treffen in Mykonos entscheidend ermuntert haben, auf Weltumseglung zu gehen. Da k\u00f6nnten wir die Weltumseglung zu einem sinnvollen Abschluss bringen, sagt Imma. Doch nun ist sie ja schon in Barcelona, und ich folge ihr nach.<\/p>\n<p>\u00a0Zwei Wochen sp\u00e4ter bin ich wieder zur\u00fcck auf der Tuvalu, derweil Imma in Barcelona sich noch definitiv um die Vergangenheit ihrer Mutter k\u00fcmmert. So konvertiere ich wieder einmal zum Einhandsegler. Sp\u00fchre die unverdorbene, tiefe Verbindung mit meiner Yacht. Mit der See.<\/p>\n<p style=\"font-weight: 400;\">Eine Weltumseglung sei vollbracht, wenn man die Ausgangs &#8211; Linie kreuze. So sagt man. Also in Mykonos, nur ein paar lausige Meilen fehlen noch. Zwei Wochen sp\u00e4ter ist es so weit, Imma kommt an der S\u00fcdk\u00fcste Mykonos wieder an Bord. Die letzten zwei Meilen segeln wir wieder zusammen, bis in der S\u00fcdbucht Rineia. Da wo wir \u2013 Imma, die Tuvalu und ich selbst \u2013 am\u00a0<span lang=\"DE-CH\">08.August 2010 <\/span> schon einmal geankert haben, bevor wir wieder zur\u00fcck nach Barcelona abdrehten um auf die ganz grosse Reise zu gehen.<\/p>\n<p style=\"font-weight: 400;\"><img decoding=\"async\" class=\"alignleft wp-image-8870 size-1200\" src=\"https:\/\/www.tuvalubarcelona.es\/wp-content\/uploads\/2023\/07\/ruta_world_2023-1200x533.jpeg\" alt=\"\" width=\"1200\" height=\"533\" srcset=\"https:\/\/www.tuvalubarcelona.es\/wp-content\/uploads\/2023\/07\/ruta_world_2023-200x89.jpeg 200w, https:\/\/www.tuvalubarcelona.es\/wp-content\/uploads\/2023\/07\/ruta_world_2023-400x178.jpeg 400w, https:\/\/www.tuvalubarcelona.es\/wp-content\/uploads\/2023\/07\/ruta_world_2023-600x267.jpeg 600w, https:\/\/www.tuvalubarcelona.es\/wp-content\/uploads\/2023\/07\/ruta_world_2023-768x341.jpeg 768w, https:\/\/www.tuvalubarcelona.es\/wp-content\/uploads\/2023\/07\/ruta_world_2023-800x356.jpeg 800w, https:\/\/www.tuvalubarcelona.es\/wp-content\/uploads\/2023\/07\/ruta_world_2023-1024x455.jpeg 1024w, https:\/\/www.tuvalubarcelona.es\/wp-content\/uploads\/2023\/07\/ruta_world_2023-1200x533.jpeg 1200w\" sizes=\"(max-width: 1200px) 100vw, 1200px\" \/><\/p>\n<p style=\"font-weight: 400;\">Gemeinsam fuhren wir los, gemeinsam kommen wir wieder an. 13 Jahre und 53.410 Seemeilen ging es immer nur voran, alle Ungemache beharrlich umschifft und uns zutiefst ab diesem Leben auf See erfreut.\u00a0Nun ist es vollbracht. Wie 1522 Elcano und Magellanes als Erste \u00fcberhaupt, und unz\u00e4hlige weitere danach. F\u00fcr die Welt ist unsere Weltumseglung somit wahrlich keine sonderliche Leistung mehr. Und doch haben auch wir heute unser Fahrwasser gekreuzt. Es vollbracht. Damit f\u00fcr uns selbst best\u00e4tigt, was l\u00e4ngst evident ist. In undenklichen Stunden, Tagen, Wochen, Jahren auf See. Geduldig, beharrlich, tiefgreifend, einzigartig und wahrhaftig. Nun wissen wir es. Die Welt ist rund.<\/p>\n<p>&nbsp;<\/p>\n<p style=\"font-weight: 400; text-align: right;\">Mykonos, Griechenland, Juli 2023<\/p>\n<p>&nbsp;<\/p>\n<p>Bilder Mittelmeer:<\/p>\n<div class=\"video-shortcode\">\n<blockquote class=\"wp-embedded-content\" data-secret=\"PjqjyMCeIU\"><p><a href=\"https:\/\/www.tuvalubarcelona.es\/portfolio-items\/mediterraneo\/\">Mediterr\u00e1neo, Greece &#038; Turkey<\/a><\/p><\/blockquote>\n<p><iframe class=\"wp-embedded-content\" sandbox=\"allow-scripts\" security=\"restricted\" style=\"position: absolute; visibility: hidden;\" title=\"&#8222;Mediterr\u00e1neo, Greece &#038; Turkey&#8220; &#8212; TUVALU\" src=\"https:\/\/www.tuvalubarcelona.es\/portfolio-items\/mediterraneo\/embed\/#?secret=XI0ski198y#?secret=PjqjyMCeIU\" data-secret=\"PjqjyMCeIU\" width=\"600\" height=\"338\" frameborder=\"0\" marginwidth=\"0\" marginheight=\"0\" scrolling=\"no\"><\/iframe><\/div>\n<p>Bilder Suez &#8211; Kanal:<\/p>\n<div class=\"video-shortcode\">\n<blockquote class=\"wp-embedded-content\" data-secret=\"vLdTIci0Mx\"><p><a href=\"https:\/\/www.tuvalubarcelona.es\/portfolio-items\/suez-canal\/\">Suez canal, Egypt<\/a><\/p><\/blockquote>\n<p><iframe class=\"wp-embedded-content\" sandbox=\"allow-scripts\" security=\"restricted\" style=\"position: absolute; visibility: hidden;\" title=\"&#8222;Suez canal, Egypt&#8220; &#8212; TUVALU\" src=\"https:\/\/www.tuvalubarcelona.es\/portfolio-items\/suez-canal\/embed\/#?secret=eQgxVtarQK#?secret=vLdTIci0Mx\" data-secret=\"vLdTIci0Mx\" width=\"600\" height=\"338\" frameborder=\"0\" marginwidth=\"0\" marginheight=\"0\" scrolling=\"no\"><\/iframe><\/div>\n<p>Wo ist die Tuvalu aktuell? Hier:<\/p>\n<p>https:\/\/www.tuvalubarcelona.es\/de\/position\/<\/p>\n<p>&nbsp;<\/p>\n<p>&nbsp;<\/p>\n<p>&nbsp;<\/p>\n<p>&nbsp;<\/p>\n","protected":false},"excerpt":{"rendered":"<p>Ich bin konfus. Hatte ich doch ein bestechend einfacher Plan. Ein klares Ziel. Man f\u00e4hrt einmal um die Welt. Einfacher gehts kaum. Von Barcelona nach Barcelona. Stets voran westw\u00e4rts. Bis man wieder zu Hause ist.  &#8230;<\/p>\n","protected":false},"author":3,"featured_media":11191,"comment_status":"open","ping_status":"open","sticky":false,"template":"","format":"standard","meta":{"footnotes":""},"categories":[170,404],"tags":[],"class_list":["post-17578","post","type-post","status-publish","format-standard","has-post-thumbnail","hentry","category-mediterranean","category-mittelmeer-2"],"yoast_head":"<!-- This site is optimized with the Yoast SEO plugin v25.8 - https:\/\/yoast.com\/wordpress\/plugins\/seo\/ -->\r\n<title>Der realisierte Traum - TUVALU<\/title>\r\n<meta name=\"robots\" content=\"index, follow, max-snippet:-1, max-image-preview:large, max-video-preview:-1\" \/>\r\n<link rel=\"canonical\" href=\"https:\/\/www.tuvalubarcelona.es\/de\/der-realisierte-traum\/\" \/>\r\n<meta property=\"og:locale\" content=\"de_DE\" \/>\r\n<meta property=\"og:type\" content=\"article\" \/>\r\n<meta property=\"og:title\" content=\"Der realisierte Traum - TUVALU\" \/>\r\n<meta property=\"og:description\" content=\"Ich bin konfus. Hatte ich doch ein bestechend einfacher Plan. Ein klares Ziel. Man f\u00e4hrt einmal um die Welt. Einfacher gehts kaum. Von Barcelona nach Barcelona. Stets voran westw\u00e4rts. Bis man wieder zu Hause ist. ...\" \/>\r\n<meta property=\"og:url\" content=\"https:\/\/www.tuvalubarcelona.es\/de\/der-realisierte-traum\/\" \/>\r\n<meta property=\"og:site_name\" content=\"TUVALU\" \/>\r\n<meta property=\"article:publisher\" content=\"https:\/\/www.facebook.com\/tuvalu.barcelona\" \/>\r\n<meta property=\"article:published_time\" content=\"2023-07-07T04:57:53+00:00\" \/>\r\n<meta property=\"og:image\" content=\"https:\/\/www.tuvalubarcelona.es\/wp-content\/uploads\/2023\/07\/Mediteraneo-24.jpeg\" \/>\r\n\t<meta property=\"og:image:width\" content=\"1280\" \/>\r\n\t<meta property=\"og:image:height\" content=\"854\" \/>\r\n\t<meta property=\"og:image:type\" content=\"image\/jpeg\" \/>\r\n<meta name=\"author\" content=\"Hans\" \/>\r\n<meta name=\"twitter:card\" content=\"summary_large_image\" \/>\r\n<meta name=\"twitter:creator\" content=\"@tuvalubarcelona\" \/>\r\n<meta name=\"twitter:site\" content=\"@tuvalubarcelona\" \/>\r\n<meta name=\"twitter:label1\" content=\"Verfasst von\" \/>\n\t<meta name=\"twitter:data1\" content=\"Hans\" \/>\n\t<meta name=\"twitter:label2\" content=\"Gesch\u00e4tzte Lesezeit\" \/>\n\t<meta name=\"twitter:data2\" content=\"5\u00a0Minuten\" \/>\r\n<script type=\"application\/ld+json\" class=\"yoast-schema-graph\">{\"@context\":\"https:\/\/schema.org\",\"@graph\":[{\"@type\":\"WebPage\",\"@id\":\"https:\/\/www.tuvalubarcelona.es\/de\/der-realisierte-traum\/\",\"url\":\"https:\/\/www.tuvalubarcelona.es\/de\/der-realisierte-traum\/\",\"name\":\"Der realisierte Traum - TUVALU\",\"isPartOf\":{\"@id\":\"https:\/\/www.tuvalubarcelona.es\/#website\"},\"primaryImageOfPage\":{\"@id\":\"https:\/\/www.tuvalubarcelona.es\/de\/der-realisierte-traum\/#primaryimage\"},\"image\":{\"@id\":\"https:\/\/www.tuvalubarcelona.es\/de\/der-realisierte-traum\/#primaryimage\"},\"thumbnailUrl\":\"https:\/\/www.tuvalubarcelona.es\/wp-content\/uploads\/2023\/07\/Mediteraneo-24.jpeg\",\"datePublished\":\"2023-07-07T04:57:53+00:00\",\"author\":{\"@id\":\"https:\/\/www.tuvalubarcelona.es\/#\/schema\/person\/13a188b887ca020aad38d4351a51442c\"},\"breadcrumb\":{\"@id\":\"https:\/\/www.tuvalubarcelona.es\/de\/der-realisierte-traum\/#breadcrumb\"},\"inLanguage\":\"de\",\"potentialAction\":[{\"@type\":\"ReadAction\",\"target\":[\"https:\/\/www.tuvalubarcelona.es\/de\/der-realisierte-traum\/\"]}]},{\"@type\":\"ImageObject\",\"inLanguage\":\"de\",\"@id\":\"https:\/\/www.tuvalubarcelona.es\/de\/der-realisierte-traum\/#primaryimage\",\"url\":\"https:\/\/www.tuvalubarcelona.es\/wp-content\/uploads\/2023\/07\/Mediteraneo-24.jpeg\",\"contentUrl\":\"https:\/\/www.tuvalubarcelona.es\/wp-content\/uploads\/2023\/07\/Mediteraneo-24.jpeg\",\"width\":1280,\"height\":854},{\"@type\":\"BreadcrumbList\",\"@id\":\"https:\/\/www.tuvalubarcelona.es\/de\/der-realisierte-traum\/#breadcrumb\",\"itemListElement\":[{\"@type\":\"ListItem\",\"position\":1,\"name\":\"Portada\",\"item\":\"https:\/\/www.tuvalubarcelona.es\/de\/\"},{\"@type\":\"ListItem\",\"position\":2,\"name\":\"Der realisierte Traum\"}]},{\"@type\":\"WebSite\",\"@id\":\"https:\/\/www.tuvalubarcelona.es\/#website\",\"url\":\"https:\/\/www.tuvalubarcelona.es\/\",\"name\":\"TUVALU\",\"description\":\"Sailing Yacht Barcelona\",\"potentialAction\":[{\"@type\":\"SearchAction\",\"target\":{\"@type\":\"EntryPoint\",\"urlTemplate\":\"https:\/\/www.tuvalubarcelona.es\/?s={search_term_string}\"},\"query-input\":{\"@type\":\"PropertyValueSpecification\",\"valueRequired\":true,\"valueName\":\"search_term_string\"}}],\"inLanguage\":\"de\"},{\"@type\":\"Person\",\"@id\":\"https:\/\/www.tuvalubarcelona.es\/#\/schema\/person\/13a188b887ca020aad38d4351a51442c\",\"name\":\"Hans\",\"image\":{\"@type\":\"ImageObject\",\"inLanguage\":\"de\",\"@id\":\"https:\/\/www.tuvalubarcelona.es\/#\/schema\/person\/image\/\",\"url\":\"https:\/\/secure.gravatar.com\/avatar\/116b707a265ad9ebd7c418fd3d340b7648e2d97dfabde7ab60d136f7fcfb0026?s=96&r=g\",\"contentUrl\":\"https:\/\/secure.gravatar.com\/avatar\/116b707a265ad9ebd7c418fd3d340b7648e2d97dfabde7ab60d136f7fcfb0026?s=96&r=g\",\"caption\":\"Hans\"}}]}<\/script>\r\n<!-- \/ Yoast SEO plugin. -->","yoast_head_json":{"title":"Der realisierte Traum - TUVALU","robots":{"index":"index","follow":"follow","max-snippet":"max-snippet:-1","max-image-preview":"max-image-preview:large","max-video-preview":"max-video-preview:-1"},"canonical":"https:\/\/www.tuvalubarcelona.es\/de\/der-realisierte-traum\/","og_locale":"de_DE","og_type":"article","og_title":"Der realisierte Traum - TUVALU","og_description":"Ich bin konfus. Hatte ich doch ein bestechend einfacher Plan. Ein klares Ziel. Man f\u00e4hrt einmal um die Welt. Einfacher gehts kaum. Von Barcelona nach Barcelona. Stets voran westw\u00e4rts. Bis man wieder zu Hause ist. ...","og_url":"https:\/\/www.tuvalubarcelona.es\/de\/der-realisierte-traum\/","og_site_name":"TUVALU","article_publisher":"https:\/\/www.facebook.com\/tuvalu.barcelona","article_published_time":"2023-07-07T04:57:53+00:00","og_image":[{"width":1280,"height":854,"url":"https:\/\/www.tuvalubarcelona.es\/wp-content\/uploads\/2023\/07\/Mediteraneo-24.jpeg","type":"image\/jpeg"}],"author":"Hans","twitter_card":"summary_large_image","twitter_creator":"@tuvalubarcelona","twitter_site":"@tuvalubarcelona","twitter_misc":{"Verfasst von":"Hans","Gesch\u00e4tzte Lesezeit":"5\u00a0Minuten"},"schema":{"@context":"https:\/\/schema.org","@graph":[{"@type":"WebPage","@id":"https:\/\/www.tuvalubarcelona.es\/de\/der-realisierte-traum\/","url":"https:\/\/www.tuvalubarcelona.es\/de\/der-realisierte-traum\/","name":"Der realisierte Traum - TUVALU","isPartOf":{"@id":"https:\/\/www.tuvalubarcelona.es\/#website"},"primaryImageOfPage":{"@id":"https:\/\/www.tuvalubarcelona.es\/de\/der-realisierte-traum\/#primaryimage"},"image":{"@id":"https:\/\/www.tuvalubarcelona.es\/de\/der-realisierte-traum\/#primaryimage"},"thumbnailUrl":"https:\/\/www.tuvalubarcelona.es\/wp-content\/uploads\/2023\/07\/Mediteraneo-24.jpeg","datePublished":"2023-07-07T04:57:53+00:00","author":{"@id":"https:\/\/www.tuvalubarcelona.es\/#\/schema\/person\/13a188b887ca020aad38d4351a51442c"},"breadcrumb":{"@id":"https:\/\/www.tuvalubarcelona.es\/de\/der-realisierte-traum\/#breadcrumb"},"inLanguage":"de","potentialAction":[{"@type":"ReadAction","target":["https:\/\/www.tuvalubarcelona.es\/de\/der-realisierte-traum\/"]}]},{"@type":"ImageObject","inLanguage":"de","@id":"https:\/\/www.tuvalubarcelona.es\/de\/der-realisierte-traum\/#primaryimage","url":"https:\/\/www.tuvalubarcelona.es\/wp-content\/uploads\/2023\/07\/Mediteraneo-24.jpeg","contentUrl":"https:\/\/www.tuvalubarcelona.es\/wp-content\/uploads\/2023\/07\/Mediteraneo-24.jpeg","width":1280,"height":854},{"@type":"BreadcrumbList","@id":"https:\/\/www.tuvalubarcelona.es\/de\/der-realisierte-traum\/#breadcrumb","itemListElement":[{"@type":"ListItem","position":1,"name":"Portada","item":"https:\/\/www.tuvalubarcelona.es\/de\/"},{"@type":"ListItem","position":2,"name":"Der realisierte Traum"}]},{"@type":"WebSite","@id":"https:\/\/www.tuvalubarcelona.es\/#website","url":"https:\/\/www.tuvalubarcelona.es\/","name":"TUVALU","description":"Sailing Yacht Barcelona","potentialAction":[{"@type":"SearchAction","target":{"@type":"EntryPoint","urlTemplate":"https:\/\/www.tuvalubarcelona.es\/?s={search_term_string}"},"query-input":{"@type":"PropertyValueSpecification","valueRequired":true,"valueName":"search_term_string"}}],"inLanguage":"de"},{"@type":"Person","@id":"https:\/\/www.tuvalubarcelona.es\/#\/schema\/person\/13a188b887ca020aad38d4351a51442c","name":"Hans","image":{"@type":"ImageObject","inLanguage":"de","@id":"https:\/\/www.tuvalubarcelona.es\/#\/schema\/person\/image\/","url":"https:\/\/secure.gravatar.com\/avatar\/116b707a265ad9ebd7c418fd3d340b7648e2d97dfabde7ab60d136f7fcfb0026?s=96&r=g","contentUrl":"https:\/\/secure.gravatar.com\/avatar\/116b707a265ad9ebd7c418fd3d340b7648e2d97dfabde7ab60d136f7fcfb0026?s=96&r=g","caption":"Hans"}}]}},"_links":{"self":[{"href":"https:\/\/www.tuvalubarcelona.es\/de\/wp-json\/wp\/v2\/posts\/17578","targetHints":{"allow":["GET"]}}],"collection":[{"href":"https:\/\/www.tuvalubarcelona.es\/de\/wp-json\/wp\/v2\/posts"}],"about":[{"href":"https:\/\/www.tuvalubarcelona.es\/de\/wp-json\/wp\/v2\/types\/post"}],"author":[{"embeddable":true,"href":"https:\/\/www.tuvalubarcelona.es\/de\/wp-json\/wp\/v2\/users\/3"}],"replies":[{"embeddable":true,"href":"https:\/\/www.tuvalubarcelona.es\/de\/wp-json\/wp\/v2\/comments?post=17578"}],"version-history":[{"count":0,"href":"https:\/\/www.tuvalubarcelona.es\/de\/wp-json\/wp\/v2\/posts\/17578\/revisions"}],"wp:featuredmedia":[{"embeddable":true,"href":"https:\/\/www.tuvalubarcelona.es\/de\/wp-json\/wp\/v2\/media\/11191"}],"wp:attachment":[{"href":"https:\/\/www.tuvalubarcelona.es\/de\/wp-json\/wp\/v2\/media?parent=17578"}],"wp:term":[{"taxonomy":"category","embeddable":true,"href":"https:\/\/www.tuvalubarcelona.es\/de\/wp-json\/wp\/v2\/categories?post=17578"},{"taxonomy":"post_tag","embeddable":true,"href":"https:\/\/www.tuvalubarcelona.es\/de\/wp-json\/wp\/v2\/tags?post=17578"}],"curies":[{"name":"wp","href":"https:\/\/api.w.org\/{rel}","templated":true}]}}