{"id":17466,"date":"2019-06-01T10:45:49","date_gmt":"2019-06-01T08:45:49","guid":{"rendered":"https:\/\/www.tuvalubarcelona.es\/plou-poc\/"},"modified":"2019-06-01T10:45:49","modified_gmt":"2019-06-01T08:45:49","slug":"plou-poc","status":"publish","type":"post","link":"https:\/\/www.tuvalubarcelona.es\/de\/plou-poc\/","title":{"rendered":"Plou poc"},"content":{"rendered":"<p><em>&#8230;per\u00f2, pel poc que plou, plou prou<\/em><em>.\u00a0<a href=\"applewebdata:\/\/26CF9C0B-A4EC-4A98-B4D0-D7732BA0B667#_ftn1\" name=\"_ftnref1\">[1]<\/a><\/em>\u00a0Weder richtig verstanden geschweige denn korrekt aussprechen konnte ich diesen Zungenbrecher in meinen ersten Monaten in Barcelona. Bloss kapiert, dass das mit dem Regen bei den Katalanen so eine Sache ist.\u00a0Als die letzte Regenfront durch ist, legen wir von der Marina Mackay ab. Stellen uns vor, dass wir die n\u00e4chsten Tage bei angenehmem Sonntagswetter hinter dem Starkwindsystem mit flauen Winden nach Norden segeln.\u00a0Eine viertel Stunde sp\u00e4ter sinkt die Sicht auf null, die B\u00f6en pfeifen, der Regen fliegt horizontal. Das Meer rollt enorm von hinten unter uns durch. <em>Nomen est omen<\/em>, denn inzwischen ist meine geliebte Katalanin wieder an Board: <em>plou prou<\/em>&#8230; Harter Start f\u00fcr Imma in die Saison.<\/p>\n<p>Daf\u00fcr sind wir doppelt so schnell als gedacht an unserem ersten Ankerplatz in <em>Bramthon Island<\/em>. In einer Regenpause lassen wir das Dinghi zu Wasser zum Landgang. Unterwegs kreuzen uns schnaufende Dudongs, am Land hoppeln K\u00e4ngurus auf der verlotterten Landepiste des verlassenen Resorts. Das w\u00e4re das Programm, das uns gef\u00e4llt!\u00a0Weiter Stopps folgen in den Withsunday Islands. Zwischen Regenschauern \u2013 <em>por lo poc que plou prou plou<\/em>\u2013 sammelt Imma Ihre ersten Muscheln am Strand. Und dann, nach einer Woche mit Imma an Bord, endlich: <em>Los lunes al sol!\u00a0<a href=\"applewebdata:\/\/96E071EE-CD63-4E3A-9EAD-10A1C0D60F9E#_ftn1\" name=\"_ftnref1\">[2]<\/a><\/em><\/p>\n<p>&nbsp;<\/p>\n<hr \/>\n<p><em><a href=\"applewebdata:\/\/26CF9C0B-A4EC-4A98-B4D0-D7732BA0B667#_ftnref1\" name=\"_ftn1\">[1]<\/a>\u00a0\u00a0<\/em>Es regnet en bisschen, doch f\u00fcr das wenige das es regnet, regnet es genug<\/p>\n<p><em><a href=\"applewebdata:\/\/96E071EE-CD63-4E3A-9EAD-10A1C0D60F9E#_ftnref1\" name=\"_ftn1\">[2]<\/a><\/em> Asturianischer Kultfilm mit Javier Bardem in der Hauptrolle: Am Montag an die Sonne.<\/p>\n<p>PS. Mehr Fotos von unserem Aufenthalt auf der\u00a0<em>Bramthon island<\/em> hier:\u00a0<a href=\"http:\/\/www.tuvalubarcelona.es\/portfolio-items\/bramthon-island\/\" target=\"_blank\" rel=\"noopener\">MEDIA<\/a><\/p>\n<p class=\"MsoListParagraphCxSpLast\" style=\"margin: 0cm 0cm 0.0001pt 36pt; font-size: 9pt; font-family: Calibri, sans-serif; text-align: justify;\">\n","protected":false},"excerpt":{"rendered":"<p>&#8230;per\u00f2, pel poc que plou, plou prou.\u00a0[1]\u00a0Weder richtig verstanden geschweige denn korrekt aussprechen konnte ich diesen Zungenbrecher in meinen ersten Monaten in Barcelona. Bloss kapiert, dass das mit dem Regen bei den Katalanen so eine  &#8230;<\/p>\n","protected":false},"author":3,"featured_media":15416,"comment_status":"open","ping_status":"open","sticky":false,"template":"","format":"standard","meta":{"footnotes":""},"categories":[291,421],"tags":[],"class_list":["post-17466","post","type-post","status-publish","format-standard","has-post-thumbnail","hentry","category-queensland","category-queensland-3"],"yoast_head":"<!-- This site is optimized with the Yoast SEO plugin v25.8 - https:\/\/yoast.com\/wordpress\/plugins\/seo\/ -->\r\n<title>Plou poc - TUVALU<\/title>\r\n<meta name=\"robots\" content=\"index, follow, max-snippet:-1, max-image-preview:large, max-video-preview:-1\" \/>\r\n<link rel=\"canonical\" href=\"https:\/\/www.tuvalubarcelona.es\/de\/plou-poc\/\" \/>\r\n<meta property=\"og:locale\" content=\"de_DE\" \/>\r\n<meta property=\"og:type\" content=\"article\" \/>\r\n<meta property=\"og:title\" content=\"Plou poc - TUVALU\" \/>\r\n<meta property=\"og:description\" content=\"&#8230;per\u00f2, pel poc que plou, plou prou.\u00a0[1]\u00a0Weder richtig verstanden geschweige denn korrekt aussprechen konnte ich diesen Zungenbrecher in meinen ersten Monaten in Barcelona. Bloss kapiert, dass das mit dem Regen bei den Katalanen so eine ...\" \/>\r\n<meta property=\"og:url\" content=\"https:\/\/www.tuvalubarcelona.es\/de\/plou-poc\/\" \/>\r\n<meta property=\"og:site_name\" content=\"TUVALU\" \/>\r\n<meta property=\"article:publisher\" content=\"https:\/\/www.facebook.com\/tuvalu.barcelona\" \/>\r\n<meta property=\"article:published_time\" content=\"2019-06-01T08:45:49+00:00\" \/>\r\n<meta property=\"og:image\" content=\"https:\/\/www.tuvalubarcelona.es\/wp-content\/uploads\/2019\/05\/Bramthon-island-Queensland-Australia-SV-TUVALU.jpg\" \/>\r\n\t<meta property=\"og:image:width\" content=\"3024\" \/>\r\n\t<meta property=\"og:image:height\" content=\"2016\" \/>\r\n\t<meta property=\"og:image:type\" content=\"image\/jpeg\" \/>\r\n<meta name=\"author\" content=\"Hans\" \/>\r\n<meta name=\"twitter:card\" content=\"summary_large_image\" \/>\r\n<meta name=\"twitter:creator\" content=\"@tuvalubarcelona\" \/>\r\n<meta name=\"twitter:site\" content=\"@tuvalubarcelona\" \/>\r\n<meta name=\"twitter:label1\" content=\"Verfasst von\" \/>\n\t<meta name=\"twitter:data1\" content=\"Hans\" \/>\n\t<meta name=\"twitter:label2\" content=\"Gesch\u00e4tzte Lesezeit\" \/>\n\t<meta name=\"twitter:data2\" content=\"1\u00a0Minute\" \/>\r\n<script type=\"application\/ld+json\" class=\"yoast-schema-graph\">{\"@context\":\"https:\/\/schema.org\",\"@graph\":[{\"@type\":\"WebPage\",\"@id\":\"https:\/\/www.tuvalubarcelona.es\/de\/plou-poc\/\",\"url\":\"https:\/\/www.tuvalubarcelona.es\/de\/plou-poc\/\",\"name\":\"Plou poc - TUVALU\",\"isPartOf\":{\"@id\":\"https:\/\/www.tuvalubarcelona.es\/#website\"},\"primaryImageOfPage\":{\"@id\":\"https:\/\/www.tuvalubarcelona.es\/de\/plou-poc\/#primaryimage\"},\"image\":{\"@id\":\"https:\/\/www.tuvalubarcelona.es\/de\/plou-poc\/#primaryimage\"},\"thumbnailUrl\":\"https:\/\/www.tuvalubarcelona.es\/wp-content\/uploads\/2019\/05\/Bramthon-island-Queensland-Australia-SV-TUVALU.jpg\",\"datePublished\":\"2019-06-01T08:45:49+00:00\",\"author\":{\"@id\":\"https:\/\/www.tuvalubarcelona.es\/#\/schema\/person\/13a188b887ca020aad38d4351a51442c\"},\"breadcrumb\":{\"@id\":\"https:\/\/www.tuvalubarcelona.es\/de\/plou-poc\/#breadcrumb\"},\"inLanguage\":\"de\",\"potentialAction\":[{\"@type\":\"ReadAction\",\"target\":[\"https:\/\/www.tuvalubarcelona.es\/de\/plou-poc\/\"]}]},{\"@type\":\"ImageObject\",\"inLanguage\":\"de\",\"@id\":\"https:\/\/www.tuvalubarcelona.es\/de\/plou-poc\/#primaryimage\",\"url\":\"https:\/\/www.tuvalubarcelona.es\/wp-content\/uploads\/2019\/05\/Bramthon-island-Queensland-Australia-SV-TUVALU.jpg\",\"contentUrl\":\"https:\/\/www.tuvalubarcelona.es\/wp-content\/uploads\/2019\/05\/Bramthon-island-Queensland-Australia-SV-TUVALU.jpg\",\"width\":3024,\"height\":2016,\"caption\":\"Bramthon Island\"},{\"@type\":\"BreadcrumbList\",\"@id\":\"https:\/\/www.tuvalubarcelona.es\/de\/plou-poc\/#breadcrumb\",\"itemListElement\":[{\"@type\":\"ListItem\",\"position\":1,\"name\":\"Portada\",\"item\":\"https:\/\/www.tuvalubarcelona.es\/de\/\"},{\"@type\":\"ListItem\",\"position\":2,\"name\":\"Plou poc\"}]},{\"@type\":\"WebSite\",\"@id\":\"https:\/\/www.tuvalubarcelona.es\/#website\",\"url\":\"https:\/\/www.tuvalubarcelona.es\/\",\"name\":\"TUVALU\",\"description\":\"Sailing Yacht Barcelona\",\"potentialAction\":[{\"@type\":\"SearchAction\",\"target\":{\"@type\":\"EntryPoint\",\"urlTemplate\":\"https:\/\/www.tuvalubarcelona.es\/?s={search_term_string}\"},\"query-input\":{\"@type\":\"PropertyValueSpecification\",\"valueRequired\":true,\"valueName\":\"search_term_string\"}}],\"inLanguage\":\"de\"},{\"@type\":\"Person\",\"@id\":\"https:\/\/www.tuvalubarcelona.es\/#\/schema\/person\/13a188b887ca020aad38d4351a51442c\",\"name\":\"Hans\",\"image\":{\"@type\":\"ImageObject\",\"inLanguage\":\"de\",\"@id\":\"https:\/\/www.tuvalubarcelona.es\/#\/schema\/person\/image\/\",\"url\":\"https:\/\/secure.gravatar.com\/avatar\/116b707a265ad9ebd7c418fd3d340b7648e2d97dfabde7ab60d136f7fcfb0026?s=96&r=g\",\"contentUrl\":\"https:\/\/secure.gravatar.com\/avatar\/116b707a265ad9ebd7c418fd3d340b7648e2d97dfabde7ab60d136f7fcfb0026?s=96&r=g\",\"caption\":\"Hans\"}}]}<\/script>\r\n<!-- \/ Yoast SEO plugin. -->","yoast_head_json":{"title":"Plou poc - TUVALU","robots":{"index":"index","follow":"follow","max-snippet":"max-snippet:-1","max-image-preview":"max-image-preview:large","max-video-preview":"max-video-preview:-1"},"canonical":"https:\/\/www.tuvalubarcelona.es\/de\/plou-poc\/","og_locale":"de_DE","og_type":"article","og_title":"Plou poc - TUVALU","og_description":"&#8230;per\u00f2, pel poc que plou, plou prou.\u00a0[1]\u00a0Weder richtig verstanden geschweige denn korrekt aussprechen konnte ich diesen Zungenbrecher in meinen ersten Monaten in Barcelona. Bloss kapiert, dass das mit dem Regen bei den Katalanen so eine ...","og_url":"https:\/\/www.tuvalubarcelona.es\/de\/plou-poc\/","og_site_name":"TUVALU","article_publisher":"https:\/\/www.facebook.com\/tuvalu.barcelona","article_published_time":"2019-06-01T08:45:49+00:00","og_image":[{"width":3024,"height":2016,"url":"https:\/\/www.tuvalubarcelona.es\/wp-content\/uploads\/2019\/05\/Bramthon-island-Queensland-Australia-SV-TUVALU.jpg","type":"image\/jpeg"}],"author":"Hans","twitter_card":"summary_large_image","twitter_creator":"@tuvalubarcelona","twitter_site":"@tuvalubarcelona","twitter_misc":{"Verfasst von":"Hans","Gesch\u00e4tzte Lesezeit":"1\u00a0Minute"},"schema":{"@context":"https:\/\/schema.org","@graph":[{"@type":"WebPage","@id":"https:\/\/www.tuvalubarcelona.es\/de\/plou-poc\/","url":"https:\/\/www.tuvalubarcelona.es\/de\/plou-poc\/","name":"Plou poc - TUVALU","isPartOf":{"@id":"https:\/\/www.tuvalubarcelona.es\/#website"},"primaryImageOfPage":{"@id":"https:\/\/www.tuvalubarcelona.es\/de\/plou-poc\/#primaryimage"},"image":{"@id":"https:\/\/www.tuvalubarcelona.es\/de\/plou-poc\/#primaryimage"},"thumbnailUrl":"https:\/\/www.tuvalubarcelona.es\/wp-content\/uploads\/2019\/05\/Bramthon-island-Queensland-Australia-SV-TUVALU.jpg","datePublished":"2019-06-01T08:45:49+00:00","author":{"@id":"https:\/\/www.tuvalubarcelona.es\/#\/schema\/person\/13a188b887ca020aad38d4351a51442c"},"breadcrumb":{"@id":"https:\/\/www.tuvalubarcelona.es\/de\/plou-poc\/#breadcrumb"},"inLanguage":"de","potentialAction":[{"@type":"ReadAction","target":["https:\/\/www.tuvalubarcelona.es\/de\/plou-poc\/"]}]},{"@type":"ImageObject","inLanguage":"de","@id":"https:\/\/www.tuvalubarcelona.es\/de\/plou-poc\/#primaryimage","url":"https:\/\/www.tuvalubarcelona.es\/wp-content\/uploads\/2019\/05\/Bramthon-island-Queensland-Australia-SV-TUVALU.jpg","contentUrl":"https:\/\/www.tuvalubarcelona.es\/wp-content\/uploads\/2019\/05\/Bramthon-island-Queensland-Australia-SV-TUVALU.jpg","width":3024,"height":2016,"caption":"Bramthon Island"},{"@type":"BreadcrumbList","@id":"https:\/\/www.tuvalubarcelona.es\/de\/plou-poc\/#breadcrumb","itemListElement":[{"@type":"ListItem","position":1,"name":"Portada","item":"https:\/\/www.tuvalubarcelona.es\/de\/"},{"@type":"ListItem","position":2,"name":"Plou poc"}]},{"@type":"WebSite","@id":"https:\/\/www.tuvalubarcelona.es\/#website","url":"https:\/\/www.tuvalubarcelona.es\/","name":"TUVALU","description":"Sailing Yacht Barcelona","potentialAction":[{"@type":"SearchAction","target":{"@type":"EntryPoint","urlTemplate":"https:\/\/www.tuvalubarcelona.es\/?s={search_term_string}"},"query-input":{"@type":"PropertyValueSpecification","valueRequired":true,"valueName":"search_term_string"}}],"inLanguage":"de"},{"@type":"Person","@id":"https:\/\/www.tuvalubarcelona.es\/#\/schema\/person\/13a188b887ca020aad38d4351a51442c","name":"Hans","image":{"@type":"ImageObject","inLanguage":"de","@id":"https:\/\/www.tuvalubarcelona.es\/#\/schema\/person\/image\/","url":"https:\/\/secure.gravatar.com\/avatar\/116b707a265ad9ebd7c418fd3d340b7648e2d97dfabde7ab60d136f7fcfb0026?s=96&r=g","contentUrl":"https:\/\/secure.gravatar.com\/avatar\/116b707a265ad9ebd7c418fd3d340b7648e2d97dfabde7ab60d136f7fcfb0026?s=96&r=g","caption":"Hans"}}]}},"_links":{"self":[{"href":"https:\/\/www.tuvalubarcelona.es\/de\/wp-json\/wp\/v2\/posts\/17466","targetHints":{"allow":["GET"]}}],"collection":[{"href":"https:\/\/www.tuvalubarcelona.es\/de\/wp-json\/wp\/v2\/posts"}],"about":[{"href":"https:\/\/www.tuvalubarcelona.es\/de\/wp-json\/wp\/v2\/types\/post"}],"author":[{"embeddable":true,"href":"https:\/\/www.tuvalubarcelona.es\/de\/wp-json\/wp\/v2\/users\/3"}],"replies":[{"embeddable":true,"href":"https:\/\/www.tuvalubarcelona.es\/de\/wp-json\/wp\/v2\/comments?post=17466"}],"version-history":[{"count":0,"href":"https:\/\/www.tuvalubarcelona.es\/de\/wp-json\/wp\/v2\/posts\/17466\/revisions"}],"wp:featuredmedia":[{"embeddable":true,"href":"https:\/\/www.tuvalubarcelona.es\/de\/wp-json\/wp\/v2\/media\/15416"}],"wp:attachment":[{"href":"https:\/\/www.tuvalubarcelona.es\/de\/wp-json\/wp\/v2\/media?parent=17466"}],"wp:term":[{"taxonomy":"category","embeddable":true,"href":"https:\/\/www.tuvalubarcelona.es\/de\/wp-json\/wp\/v2\/categories?post=17466"},{"taxonomy":"post_tag","embeddable":true,"href":"https:\/\/www.tuvalubarcelona.es\/de\/wp-json\/wp\/v2\/tags?post=17466"}],"curies":[{"name":"wp","href":"https:\/\/api.w.org\/{rel}","templated":true}]}}