{"id":17460,"date":"2019-05-07T11:13:44","date_gmt":"2019-05-07T09:13:44","guid":{"rendered":"https:\/\/www.tuvalubarcelona.es\/eisbar\/"},"modified":"2019-05-07T11:13:44","modified_gmt":"2019-05-07T09:13:44","slug":"eisbar","status":"publish","type":"post","link":"https:\/\/www.tuvalubarcelona.es\/de\/eisbar\/","title":{"rendered":"Eisb\u00e4r"},"content":{"rendered":"<p><em>\u00abEisb\u00e4r!\u00bb<\/em>. Es ist kaum zu fassen. Nach einem langen Interkontinentalflug komme ich \u00fcberm\u00fcdet im tropischen <em>Queensland\u00a0<\/em>an und dann das: \u00ab<em>Eisb\u00e4r!\u00bb<\/em>&#8211; tr\u00e4llert es aus dem soeben angedrehten australischen Radio. <em>\u00abEisb\u00e4r \u2013 Eisb\u00e4r \u2013 kaltes Eis!\u00bb<\/em>. Nat\u00fcrlich, das kenne ich doch, die Band heisst <em>GRAUZONE<\/em>. Kommt aus der Schweiz, die Br\u00fcder Martin und Stefan Eicher vereint. 1980, Zeiten der <em>Neuen Deutschen Welle<\/em>. Doch das passt definitiv nicht nach <em>Queensland<\/em>. Von wegen kaltem Eis.<\/p>\n<p>Ein paar Tage sp\u00e4ter dann heben wir die TUVALU aus dem Wasser. Unterwasserschiff streichen ist angesagt. Ich beginne zu verstehen. Ein dicker Pelz hat sich da am Bauch der TUVALU gebildet. <em>\u00abEisb\u00e4r &#8211; Eisb\u00e4r &#8211; oh\u00a0Eisb\u00e4r!\u00bb<\/em>tr\u00e4llert es in meinem Hinterkopf. \u00a0<em>\u201eEisb\u00e4r&#8217;n m\u00fcssen nie weinen\u201c<\/em>.<\/p>\n<p>Die haben es ja gut. Vielleicht fliege ich ja deswegen um die halbe Welt, verliere mich zwischen einsamen Inseln und fremden Kulturen. Anstelle brav zu Hause zu bleiben, einer festen Arbeit nachzugehen und meine B\u00fcrgerpflichten zu erf\u00fcllen. Stabilit\u00e4t also, die aber wie mein lieber Freund M.M. mir soeben schreibt <em>nur vordergr\u00fcndig ist. In Tat und Wahrheit ist man immer \u201eauf-der-Lauer\u201c, d.h. harrt der Dinge, die gem\u00e4ss der verschiedenen Auguren schon bald kommen werden. Krise des Subjekts. Das \u201eEingerichtetsein\u201c ist da nur Ablenkung, Zwischenstation. Und alle sehnen sich nach mehr Zeit und Mu\u00dfe<\/em>.<\/p>\n<p>Das haben viele der indigenen V\u00f6lker (auf den von uns besuchten abgelegenen Inseln) uns haushoch voraus. Zeit &#8211; was f\u00fcr ein wertvolles Gut! Vermutlich segeln wir deshalb auch im neunten Jahr immer noch entschleunigt um die Welt. \u00ab<em>Ich m\u00f6chte ein Eisb\u00e4r sein, im kalten Polar<\/em><em>, dann m\u00fcsste ich nicht mehr schrei&#8217;n,alles w\u00e4r&#8216; so klar.\u00bb <\/em>Ja ja, die Jungs von der GRAUZONE haben schon recht.<\/p>\n<p>Inzwischen schwimmt die TUVALU wieder flott im Wasser, vieles ist schon repariert, geputzt, ausprobiert, ersetzt. Bald schon geht\u2019s auf zu neuen Taten. Pelzfrei und mit Mu\u00dfe.<\/p>\n<p>Ps. Hier der Ohrheuler von Grauzone:\u00a0<a href=\"https:\/\/youtu.be\/bIIGKV27FaY\" target=\"_blank\" rel=\"noopener\">https:\/\/youtu.be\/bIIGKV27FaY<\/a><\/p>\n","protected":false},"excerpt":{"rendered":"<p>\u00abEisb\u00e4r!\u00bb. Es ist kaum zu fassen. Nach einem langen Interkontinentalflug komme ich \u00fcberm\u00fcdet im tropischen Queensland\u00a0an und dann das: \u00abEisb\u00e4r!\u00bb&#8211; tr\u00e4llert es aus dem soeben angedrehten australischen Radio. \u00abEisb\u00e4r \u2013 Eisb\u00e4r \u2013 kaltes Eis!\u00bb. Nat\u00fcrlich,  &#8230;<\/p>\n","protected":false},"author":3,"featured_media":15383,"comment_status":"open","ping_status":"open","sticky":false,"template":"","format":"standard","meta":{"footnotes":""},"categories":[291,421],"tags":[],"class_list":["post-17460","post","type-post","status-publish","format-standard","has-post-thumbnail","hentry","category-queensland","category-queensland-3"],"yoast_head":"<!-- This site is optimized with the Yoast SEO plugin v25.8 - https:\/\/yoast.com\/wordpress\/plugins\/seo\/ -->\r\n<title>Eisb\u00e4r - TUVALU<\/title>\r\n<meta name=\"robots\" content=\"index, follow, max-snippet:-1, max-image-preview:large, max-video-preview:-1\" \/>\r\n<link rel=\"canonical\" href=\"https:\/\/www.tuvalubarcelona.es\/oso-polar\/\" \/>\r\n<meta property=\"og:locale\" content=\"de_DE\" \/>\r\n<meta property=\"og:type\" content=\"article\" \/>\r\n<meta property=\"og:title\" content=\"Eisb\u00e4r - TUVALU\" \/>\r\n<meta property=\"og:description\" content=\"\u00abEisb\u00e4r!\u00bb. Es ist kaum zu fassen. Nach einem langen Interkontinentalflug komme ich \u00fcberm\u00fcdet im tropischen Queensland\u00a0an und dann das: \u00abEisb\u00e4r!\u00bb&#8211; tr\u00e4llert es aus dem soeben angedrehten australischen Radio. \u00abEisb\u00e4r \u2013 Eisb\u00e4r \u2013 kaltes Eis!\u00bb. Nat\u00fcrlich, ...\" \/>\r\n<meta property=\"og:url\" content=\"https:\/\/www.tuvalubarcelona.es\/oso-polar\/\" \/>\r\n<meta property=\"og:site_name\" content=\"TUVALU\" \/>\r\n<meta property=\"article:publisher\" content=\"https:\/\/www.facebook.com\/tuvalu.barcelona\" \/>\r\n<meta property=\"article:published_time\" content=\"2019-05-07T09:13:44+00:00\" \/>\r\n<meta property=\"og:image\" content=\"https:\/\/www.tuvalubarcelona.es\/wp-content\/uploads\/2019\/05\/Tuvalu_Antifoul_Queensland_2019.jpg\" \/>\r\n\t<meta property=\"og:image:width\" content=\"2716\" \/>\r\n\t<meta property=\"og:image:height\" content=\"1811\" \/>\r\n\t<meta property=\"og:image:type\" content=\"image\/jpeg\" \/>\r\n<meta name=\"author\" content=\"Hans\" \/>\r\n<meta name=\"twitter:card\" content=\"summary_large_image\" \/>\r\n<meta name=\"twitter:creator\" content=\"@tuvalubarcelona\" \/>\r\n<meta name=\"twitter:site\" content=\"@tuvalubarcelona\" \/>\r\n<meta name=\"twitter:label1\" content=\"Verfasst von\" \/>\n\t<meta name=\"twitter:data1\" content=\"Hans\" \/>\n\t<meta name=\"twitter:label2\" content=\"Gesch\u00e4tzte Lesezeit\" \/>\n\t<meta name=\"twitter:data2\" content=\"2\u00a0Minuten\" \/>\r\n<script type=\"application\/ld+json\" class=\"yoast-schema-graph\">{\"@context\":\"https:\/\/schema.org\",\"@graph\":[{\"@type\":\"WebPage\",\"@id\":\"https:\/\/www.tuvalubarcelona.es\/oso-polar\/\",\"url\":\"https:\/\/www.tuvalubarcelona.es\/oso-polar\/\",\"name\":\"Eisb\u00e4r - TUVALU\",\"isPartOf\":{\"@id\":\"https:\/\/www.tuvalubarcelona.es\/#website\"},\"primaryImageOfPage\":{\"@id\":\"https:\/\/www.tuvalubarcelona.es\/oso-polar\/#primaryimage\"},\"image\":{\"@id\":\"https:\/\/www.tuvalubarcelona.es\/oso-polar\/#primaryimage\"},\"thumbnailUrl\":\"https:\/\/www.tuvalubarcelona.es\/wp-content\/uploads\/2019\/05\/Tuvalu_Antifoul_Queensland_2019.jpg\",\"datePublished\":\"2019-05-07T09:13:44+00:00\",\"author\":{\"@id\":\"https:\/\/www.tuvalubarcelona.es\/#\/schema\/person\/13a188b887ca020aad38d4351a51442c\"},\"breadcrumb\":{\"@id\":\"https:\/\/www.tuvalubarcelona.es\/oso-polar\/#breadcrumb\"},\"inLanguage\":\"de\",\"potentialAction\":[{\"@type\":\"ReadAction\",\"target\":[\"https:\/\/www.tuvalubarcelona.es\/oso-polar\/\"]}]},{\"@type\":\"ImageObject\",\"inLanguage\":\"de\",\"@id\":\"https:\/\/www.tuvalubarcelona.es\/oso-polar\/#primaryimage\",\"url\":\"https:\/\/www.tuvalubarcelona.es\/wp-content\/uploads\/2019\/05\/Tuvalu_Antifoul_Queensland_2019.jpg\",\"contentUrl\":\"https:\/\/www.tuvalubarcelona.es\/wp-content\/uploads\/2019\/05\/Tuvalu_Antifoul_Queensland_2019.jpg\",\"width\":2716,\"height\":1811},{\"@type\":\"BreadcrumbList\",\"@id\":\"https:\/\/www.tuvalubarcelona.es\/oso-polar\/#breadcrumb\",\"itemListElement\":[{\"@type\":\"ListItem\",\"position\":1,\"name\":\"Portada\",\"item\":\"https:\/\/www.tuvalubarcelona.es\/de\/\"},{\"@type\":\"ListItem\",\"position\":2,\"name\":\"Eisb\u00e4r\"}]},{\"@type\":\"WebSite\",\"@id\":\"https:\/\/www.tuvalubarcelona.es\/#website\",\"url\":\"https:\/\/www.tuvalubarcelona.es\/\",\"name\":\"TUVALU\",\"description\":\"Sailing Yacht Barcelona\",\"potentialAction\":[{\"@type\":\"SearchAction\",\"target\":{\"@type\":\"EntryPoint\",\"urlTemplate\":\"https:\/\/www.tuvalubarcelona.es\/?s={search_term_string}\"},\"query-input\":{\"@type\":\"PropertyValueSpecification\",\"valueRequired\":true,\"valueName\":\"search_term_string\"}}],\"inLanguage\":\"de\"},{\"@type\":\"Person\",\"@id\":\"https:\/\/www.tuvalubarcelona.es\/#\/schema\/person\/13a188b887ca020aad38d4351a51442c\",\"name\":\"Hans\",\"image\":{\"@type\":\"ImageObject\",\"inLanguage\":\"de\",\"@id\":\"https:\/\/www.tuvalubarcelona.es\/#\/schema\/person\/image\/\",\"url\":\"https:\/\/secure.gravatar.com\/avatar\/116b707a265ad9ebd7c418fd3d340b7648e2d97dfabde7ab60d136f7fcfb0026?s=96&r=g\",\"contentUrl\":\"https:\/\/secure.gravatar.com\/avatar\/116b707a265ad9ebd7c418fd3d340b7648e2d97dfabde7ab60d136f7fcfb0026?s=96&r=g\",\"caption\":\"Hans\"}}]}<\/script>\r\n<!-- \/ Yoast SEO plugin. -->","yoast_head_json":{"title":"Eisb\u00e4r - TUVALU","robots":{"index":"index","follow":"follow","max-snippet":"max-snippet:-1","max-image-preview":"max-image-preview:large","max-video-preview":"max-video-preview:-1"},"canonical":"https:\/\/www.tuvalubarcelona.es\/oso-polar\/","og_locale":"de_DE","og_type":"article","og_title":"Eisb\u00e4r - TUVALU","og_description":"\u00abEisb\u00e4r!\u00bb. Es ist kaum zu fassen. Nach einem langen Interkontinentalflug komme ich \u00fcberm\u00fcdet im tropischen Queensland\u00a0an und dann das: \u00abEisb\u00e4r!\u00bb&#8211; tr\u00e4llert es aus dem soeben angedrehten australischen Radio. \u00abEisb\u00e4r \u2013 Eisb\u00e4r \u2013 kaltes Eis!\u00bb. Nat\u00fcrlich, ...","og_url":"https:\/\/www.tuvalubarcelona.es\/oso-polar\/","og_site_name":"TUVALU","article_publisher":"https:\/\/www.facebook.com\/tuvalu.barcelona","article_published_time":"2019-05-07T09:13:44+00:00","og_image":[{"width":2716,"height":1811,"url":"https:\/\/www.tuvalubarcelona.es\/wp-content\/uploads\/2019\/05\/Tuvalu_Antifoul_Queensland_2019.jpg","type":"image\/jpeg"}],"author":"Hans","twitter_card":"summary_large_image","twitter_creator":"@tuvalubarcelona","twitter_site":"@tuvalubarcelona","twitter_misc":{"Verfasst von":"Hans","Gesch\u00e4tzte Lesezeit":"2\u00a0Minuten"},"schema":{"@context":"https:\/\/schema.org","@graph":[{"@type":"WebPage","@id":"https:\/\/www.tuvalubarcelona.es\/oso-polar\/","url":"https:\/\/www.tuvalubarcelona.es\/oso-polar\/","name":"Eisb\u00e4r - TUVALU","isPartOf":{"@id":"https:\/\/www.tuvalubarcelona.es\/#website"},"primaryImageOfPage":{"@id":"https:\/\/www.tuvalubarcelona.es\/oso-polar\/#primaryimage"},"image":{"@id":"https:\/\/www.tuvalubarcelona.es\/oso-polar\/#primaryimage"},"thumbnailUrl":"https:\/\/www.tuvalubarcelona.es\/wp-content\/uploads\/2019\/05\/Tuvalu_Antifoul_Queensland_2019.jpg","datePublished":"2019-05-07T09:13:44+00:00","author":{"@id":"https:\/\/www.tuvalubarcelona.es\/#\/schema\/person\/13a188b887ca020aad38d4351a51442c"},"breadcrumb":{"@id":"https:\/\/www.tuvalubarcelona.es\/oso-polar\/#breadcrumb"},"inLanguage":"de","potentialAction":[{"@type":"ReadAction","target":["https:\/\/www.tuvalubarcelona.es\/oso-polar\/"]}]},{"@type":"ImageObject","inLanguage":"de","@id":"https:\/\/www.tuvalubarcelona.es\/oso-polar\/#primaryimage","url":"https:\/\/www.tuvalubarcelona.es\/wp-content\/uploads\/2019\/05\/Tuvalu_Antifoul_Queensland_2019.jpg","contentUrl":"https:\/\/www.tuvalubarcelona.es\/wp-content\/uploads\/2019\/05\/Tuvalu_Antifoul_Queensland_2019.jpg","width":2716,"height":1811},{"@type":"BreadcrumbList","@id":"https:\/\/www.tuvalubarcelona.es\/oso-polar\/#breadcrumb","itemListElement":[{"@type":"ListItem","position":1,"name":"Portada","item":"https:\/\/www.tuvalubarcelona.es\/de\/"},{"@type":"ListItem","position":2,"name":"Eisb\u00e4r"}]},{"@type":"WebSite","@id":"https:\/\/www.tuvalubarcelona.es\/#website","url":"https:\/\/www.tuvalubarcelona.es\/","name":"TUVALU","description":"Sailing Yacht Barcelona","potentialAction":[{"@type":"SearchAction","target":{"@type":"EntryPoint","urlTemplate":"https:\/\/www.tuvalubarcelona.es\/?s={search_term_string}"},"query-input":{"@type":"PropertyValueSpecification","valueRequired":true,"valueName":"search_term_string"}}],"inLanguage":"de"},{"@type":"Person","@id":"https:\/\/www.tuvalubarcelona.es\/#\/schema\/person\/13a188b887ca020aad38d4351a51442c","name":"Hans","image":{"@type":"ImageObject","inLanguage":"de","@id":"https:\/\/www.tuvalubarcelona.es\/#\/schema\/person\/image\/","url":"https:\/\/secure.gravatar.com\/avatar\/116b707a265ad9ebd7c418fd3d340b7648e2d97dfabde7ab60d136f7fcfb0026?s=96&r=g","contentUrl":"https:\/\/secure.gravatar.com\/avatar\/116b707a265ad9ebd7c418fd3d340b7648e2d97dfabde7ab60d136f7fcfb0026?s=96&r=g","caption":"Hans"}}]}},"_links":{"self":[{"href":"https:\/\/www.tuvalubarcelona.es\/de\/wp-json\/wp\/v2\/posts\/17460","targetHints":{"allow":["GET"]}}],"collection":[{"href":"https:\/\/www.tuvalubarcelona.es\/de\/wp-json\/wp\/v2\/posts"}],"about":[{"href":"https:\/\/www.tuvalubarcelona.es\/de\/wp-json\/wp\/v2\/types\/post"}],"author":[{"embeddable":true,"href":"https:\/\/www.tuvalubarcelona.es\/de\/wp-json\/wp\/v2\/users\/3"}],"replies":[{"embeddable":true,"href":"https:\/\/www.tuvalubarcelona.es\/de\/wp-json\/wp\/v2\/comments?post=17460"}],"version-history":[{"count":0,"href":"https:\/\/www.tuvalubarcelona.es\/de\/wp-json\/wp\/v2\/posts\/17460\/revisions"}],"wp:featuredmedia":[{"embeddable":true,"href":"https:\/\/www.tuvalubarcelona.es\/de\/wp-json\/wp\/v2\/media\/15383"}],"wp:attachment":[{"href":"https:\/\/www.tuvalubarcelona.es\/de\/wp-json\/wp\/v2\/media?parent=17460"}],"wp:term":[{"taxonomy":"category","embeddable":true,"href":"https:\/\/www.tuvalubarcelona.es\/de\/wp-json\/wp\/v2\/categories?post=17460"},{"taxonomy":"post_tag","embeddable":true,"href":"https:\/\/www.tuvalubarcelona.es\/de\/wp-json\/wp\/v2\/tags?post=17460"}],"curies":[{"name":"wp","href":"https:\/\/api.w.org\/{rel}","templated":true}]}}