{"id":17402,"date":"2017-07-21T03:48:28","date_gmt":"2017-07-21T03:48:28","guid":{"rendered":"https:\/\/www.tuvalubarcelona.es\/passage-by-alba\/"},"modified":"2017-07-21T03:48:28","modified_gmt":"2017-07-21T03:48:28","slug":"passage-by-alba","status":"publish","type":"post","link":"https:\/\/www.tuvalubarcelona.es\/de\/passage-by-alba\/","title":{"rendered":"passage | by Alba"},"content":{"rendered":"<p>Hier der Bericht einer neuen Erfahrung in meinem Leben, die \u00dcberfahrt von Fiji nach Tuvalu. 570 Meilen an Bord einer 40 Fuss Segelyacht namens TUVALU. Kurios, nicht? Von Tuvalu nach Tuvalu zu segeln.<\/p>\n<p><strong>Tag 1<\/strong><\/p>\n<p>Wir heben Anker und segeln los. Vorbei am <em>Mantaray Resort<\/em>, dort wo ich meinen Tauchkurs gemacht habe und so gute Momente erlebt habe. Wo ich mich entschied meinen Aufenthalt in Fiji zu verl\u00e4ngern. Es stimmt mich leicht melancholisch diesen Ort zur\u00fcckzulassen. Doch man soll nicht zur\u00fcckschauen, das Leben h\u00e4lt nicht an, stets hat es einem neue Erfahrungen bereit.<\/p>\n<p>Wir haben gefischt! Toll wie das beginnt! Ich muss gestehen, dass ich diese Fahrt zu Beginn nicht als Herausforderung verstanden habe; als Kind bin ich ja schon von Barcelona nach Mallorca oder Menorca gesegelt. 150 Meilen in eineinhalb Tage und es schien mir nichts besonderes zu sein. Doch logischerweise sind nun die Umst\u00e4nde v\u00f6llig anders, nun bin ich keine faule Ferien \u2013 Seglerin mehr, nun muss ich als vollwertiges Crewmitglied mithelfen. Anker heben, Segel setzten, Reffe einlegen, Wache schieben&#8230; \u201eVorbei ist das s\u00fcsse Nichtstun an Bord!\u201c, sagt Kapit\u00e4n Hans.<\/p>\n<p><strong>Tag 2<\/strong><\/p>\n<p>Gestern war meine erste Nachwache, vier Stunden der TUVALU schauen. Ein Wecker, welcher alle 15 Minuten l\u00e4utet, ein 360 Grad Rundblick an Deck den Nachthorizont nach Schiffen absuchend, wieder runter und erneute 15 Minuten ausruhen. Und dies w\u00e4hrend vier Stunden. Ein seltsames Gef\u00fchl von Verantwortungsbewusstsein kommt in diesem Moment \u00fcber mich. Man muss 100% bereit sein, darf nicht fehlgehen; denn das Leben meiner Eltern und die Integrit\u00e4t der Yacht ist in meinen H\u00e4nden.<\/p>\n<p>Examen \u00fcberstanden! Gott sei Dank hat alles geklappt. Abendd\u00e4mmerung unseres zweiten Tages der \u00dcberfahrt. Das Meer ist nun unruhig, mehr als ich erwartet habe. Wellen von Steuerbord, von Backbord, doch das Boot \u00fcberf\u00e4hrt sie alle und prescht voran. Wir sind etwa 200 Meilen vorangekommen, in Mitten des endlosen Ozeans.<\/p>\n<p>Ich beginne leicht seekrank zu werden, und damit beginne ich mich zu hinterfragen. War das wirklich gescheit mich dem auszusetzten? H\u00f6rt dieses Schaukeln irgendwann mal wieder auf? Wir sind erst am zweiten Tag und ich m\u00f6chte schon ankommen &#8211; doch daran darf ich jetzt nicht denken. Das Beste ist wohl schlafen zu gehen. Als ich schweissgebadet wieder aus meiner <em>siesta<\/em> erwache f\u00fchle ich mich wieder fit und erholt. Doch schon beginnt der n\u00e4chste Abend, und mit ihr die Wachen. Diese Nacht f\u00fchle ich mich ruhiger, besser vorbereitet.<\/p>\n<p><strong>Tag 3<\/strong><\/p>\n<p>Schon der dritte Tag! Und mit der Morgensonne beruhigt sich das Meer etwas. Eine VHF Antenne hat sich halb gel\u00f6st und der Kapit\u00e4n muss auf den Mastspitz steigen. Zum Gl\u00fcck ist er mutig, derweil meine Mutter mit angstfeuchten H\u00e4nde unten steht. Doch alles klappt und das Problem ist behoben.<\/p>\n<p>Langsam aber sicher f\u00fchle ich mich als Teil dieser Welt, dem Schiff, dem Meer, dem Wind, der Natur \u2013 und dies gef\u00e4llt mir. Wie gl\u00fccklich bin ich hier zu sein, diese Erfahrung machen zu k\u00f6nnen, zu ergr\u00fcnden. Jeden Tag gibt\u2019s was Neues zu lernen. Heute habe ich beispielsweise gelernt, dass fr\u00fcher oder sp\u00e4ter, wie schwarz dass auch alles aussieht, die Sonne wieder aufgeht. Und wie bewegt dies See auch sein mag, irgendwann mal kommt wieder Flaute. Hier ist das Geheimnis, zu RELATIVIERN, warten, bis St\u00fcck um St\u00fcck die Zeit wieder alles an seinen Ort stellt.<\/p>\n<p>Wieder wird es Abend und wir beginnen mit den Wachen. Schon vertraut, als ob ich dies schon das ganze Leben gemacht h\u00e4tte. Diese Nacht ist der Himmel wolkenfrei und man sieht Millionen von Sternen. Das Kreuz des S\u00fcdens, die Milchstrasse, unglaublich, herrlich! Ich kann\u2019s kaum lassen dieses Naturwunder zu beobachten und m\u00f6chte, dass es f\u00fcr immer in meinen Erinnerungen bleibt.<\/p>\n<p>Eine weitere Nacht, problemlos, ruhig und unter Motor.<\/p>\n<p><strong>TAG 4<\/strong><\/p>\n<p>Es riecht nach Kaffee, hmmmmm, wie gut, ich erwache langsam. \u201eGuten Tag, gute Nachrichten\u201c &#8211; der Kapit\u00e4n informiert, dass bloss noch 24 Stunden bis zur Ankunft fehlen.<\/p>\n<p>Vierundzwanzig Stunden, wie komplex ist doch die Zeit! Nach den Chronometern, den Uhren, den Kalendern, stets misst man die Zeit gleich. Doch f\u00fcr uns ist das komplexer. Wir Menschen erfahren den Fluss der Zeit nicht stets gleich. Man sagt, wenn Du es gut hast dann fliesst die Zeit schnell daher; und wenn\u2019s Dir schlecht geht, dann schleicht die Zeit endlos dahin. Doch hier an Bord, segelnd, hier scheint mir alles noch komplexer zu sein, hier habe ich andere Zeitintervalle. Aufwachen, Morgenessen, Mittagessen, Abendessen, Schlafengehen: in v\u00f6llig anderen Momenten als in meinem vertrauten Leben in Barcelona. Ich weiss bald nicht mehr welcher Tag es ist, welche Zeit, bloss dass ich mich gut f\u00fchle. Und es ist gut wenn man sich gut f\u00fchlt.<\/p>\n<p><strong>TAG 5<\/strong><\/p>\n<p>Ich erwache und gehe an Deck, und sehe einen gr\u00fcnen Streifen am Horizont &#8211; \u201eLand in Sicht!\u201c rufe ich erregt. Ich kann es kaum glauben, was f\u00fcr ein Moment! Langsam kommen wir n\u00e4her, und schon fahren wir durch den Pass in die Lagune von Funafuti, wo wir einen guten Ankerplatz suchen. Kaum den Motor abgestellt kann ich nicht wiederstehen, und springe Kopf \u00fcber ins Wasser. Puhhh, wie toll! Die Wassertemperatur ist ideal. Endlich angekommen! Doch noch k\u00f6nnen wir nicht an Land, denn wir sind noch \u201eillegal\u201c, denn bis morgen Montag k\u00f6nnen wir das offizielle Einchecken nicht m\u00f6glich.<\/p>\n<p>HERAUSFORDERUNG \u00dcBERSTANDEN!\u00a0GL\u00dcCKLICH!<\/p>\n<p><em>Geschrieben von Alba<\/em><\/p>\n<p>&nbsp;<\/p>\n\n\t\t<style type=\"text\/css\">\n\t\t\t#gallery-1 {\n\t\t\t\tmargin: auto;\n\t\t\t}\n\t\t\t#gallery-1 .gallery-item {\n\t\t\t\tfloat: left;\n\t\t\t\tmargin-top: 10px;\n\t\t\t\ttext-align: center;\n\t\t\t\twidth: 12%;\n\t\t\t}\n\t\t\t#gallery-1 img {\n\t\t\t\tborder: 2px solid #cfcfcf;\n\t\t\t}\n\t\t\t#gallery-1 .gallery-caption {\n\t\t\t\tmargin-left: 0;\n\t\t\t}\n\t\t\t\/* see gallery_shortcode() in wp-includes\/media.php *\/\n\t\t<\/style>\n\t\t<div id='gallery-1' class='gallery galleryid-17402 gallery-columns-8 gallery-size-thumbnail'><dl class='gallery-item'>\n\t\t\t<dt class='gallery-icon portrait'>\n\t\t\t\t<a data-rel=\"iLightbox[postimages]\" data-title=\"Fiji to Tuvalu &#8211; 4\" data-caption=\"\" href='https:\/\/www.tuvalubarcelona.es\/wp-content\/uploads\/2017\/07\/Fiji-to-Tuvalu-4.jpg'><img decoding=\"async\" width=\"150\" height=\"150\" src=\"https:\/\/www.tuvalubarcelona.es\/wp-content\/uploads\/2017\/07\/Fiji-to-Tuvalu-4-150x150.jpg\" class=\"attachment-thumbnail size-thumbnail\" alt=\"\" srcset=\"https:\/\/www.tuvalubarcelona.es\/wp-content\/uploads\/2017\/07\/Fiji-to-Tuvalu-4-66x66.jpg 66w, https:\/\/www.tuvalubarcelona.es\/wp-content\/uploads\/2017\/07\/Fiji-to-Tuvalu-4-150x150.jpg 150w, https:\/\/www.tuvalubarcelona.es\/wp-content\/uploads\/2017\/07\/Fiji-to-Tuvalu-4-400x400.jpg 400w\" sizes=\"(max-width: 150px) 100vw, 150px\" \/><\/a>\n\t\t\t<\/dt><\/dl><dl class='gallery-item'>\n\t\t\t<dt class='gallery-icon landscape'>\n\t\t\t\t<a data-rel=\"iLightbox[postimages]\" data-title=\"Fiji to Tuvalu &#8211; 2\" data-caption=\"\" href='https:\/\/www.tuvalubarcelona.es\/wp-content\/uploads\/2017\/07\/Fiji-to-Tuvalu-2.jpg'><img decoding=\"async\" width=\"150\" height=\"150\" src=\"https:\/\/www.tuvalubarcelona.es\/wp-content\/uploads\/2017\/07\/Fiji-to-Tuvalu-2-150x150.jpg\" class=\"attachment-thumbnail size-thumbnail\" alt=\"\" srcset=\"https:\/\/www.tuvalubarcelona.es\/wp-content\/uploads\/2017\/07\/Fiji-to-Tuvalu-2-66x66.jpg 66w, https:\/\/www.tuvalubarcelona.es\/wp-content\/uploads\/2017\/07\/Fiji-to-Tuvalu-2-150x150.jpg 150w\" sizes=\"(max-width: 150px) 100vw, 150px\" \/><\/a>\n\t\t\t<\/dt><\/dl><dl class='gallery-item'>\n\t\t\t<dt class='gallery-icon landscape'>\n\t\t\t\t<a data-rel=\"iLightbox[postimages]\" data-title=\"Fiji to Tuvalu &#8211; 1\" data-caption=\"\" href='https:\/\/www.tuvalubarcelona.es\/wp-content\/uploads\/2017\/07\/Fiji-to-Tuvalu-1.jpg'><img decoding=\"async\" width=\"150\" height=\"150\" src=\"https:\/\/www.tuvalubarcelona.es\/wp-content\/uploads\/2017\/07\/Fiji-to-Tuvalu-1-150x150.jpg\" class=\"attachment-thumbnail size-thumbnail\" alt=\"\" srcset=\"https:\/\/www.tuvalubarcelona.es\/wp-content\/uploads\/2017\/07\/Fiji-to-Tuvalu-1-66x66.jpg 66w, https:\/\/www.tuvalubarcelona.es\/wp-content\/uploads\/2017\/07\/Fiji-to-Tuvalu-1-150x150.jpg 150w\" sizes=\"(max-width: 150px) 100vw, 150px\" \/><\/a>\n\t\t\t<\/dt><\/dl><dl class='gallery-item'>\n\t\t\t<dt class='gallery-icon landscape'>\n\t\t\t\t<a data-rel=\"iLightbox[postimages]\" data-title=\"Fiji to Tuvalu &#8211; 3\" data-caption=\"\" href='https:\/\/www.tuvalubarcelona.es\/wp-content\/uploads\/2017\/07\/Fiji-to-Tuvalu-3.jpg'><img decoding=\"async\" width=\"150\" height=\"150\" src=\"https:\/\/www.tuvalubarcelona.es\/wp-content\/uploads\/2017\/07\/Fiji-to-Tuvalu-3-150x150.jpg\" class=\"attachment-thumbnail size-thumbnail\" alt=\"\" srcset=\"https:\/\/www.tuvalubarcelona.es\/wp-content\/uploads\/2017\/07\/Fiji-to-Tuvalu-3-66x66.jpg 66w, https:\/\/www.tuvalubarcelona.es\/wp-content\/uploads\/2017\/07\/Fiji-to-Tuvalu-3-150x150.jpg 150w\" sizes=\"(max-width: 150px) 100vw, 150px\" \/><\/a>\n\t\t\t<\/dt><\/dl>\n\t\t\t<br style='clear: both' \/>\n\t\t<\/div>\n\n","protected":false},"excerpt":{"rendered":"<p>Hier der Bericht einer neuen Erfahrung in meinem Leben, die \u00dcberfahrt von Fiji nach Tuvalu. 570 Meilen an Bord einer 40 Fuss Segelyacht namens TUVALU. Kurios, nicht? Von Tuvalu nach Tuvalu zu segeln. Tag 1  &#8230;<\/p>\n","protected":false},"author":3,"featured_media":13991,"comment_status":"open","ping_status":"open","sticky":false,"template":"","format":"standard","meta":{"footnotes":""},"categories":[391,215],"tags":[],"class_list":["post-17402","post","type-post","status-publish","format-standard","has-post-thumbnail","hentry","category-pacific-crossing-3","category-pacific-crossing"],"yoast_head":"<!-- This site is optimized with the Yoast SEO plugin v25.8 - https:\/\/yoast.com\/wordpress\/plugins\/seo\/ -->\r\n<title>passage | by Alba - TUVALU<\/title>\r\n<meta name=\"robots\" content=\"index, follow, max-snippet:-1, max-image-preview:large, max-video-preview:-1\" \/>\r\n<link rel=\"canonical\" href=\"https:\/\/www.tuvalubarcelona.es\/passage\/\" \/>\r\n<meta property=\"og:locale\" content=\"de_DE\" \/>\r\n<meta property=\"og:type\" content=\"article\" \/>\r\n<meta property=\"og:title\" content=\"passage | by Alba - TUVALU\" \/>\r\n<meta property=\"og:description\" content=\"Hier der Bericht einer neuen Erfahrung in meinem Leben, die \u00dcberfahrt von Fiji nach Tuvalu. 570 Meilen an Bord einer 40 Fuss Segelyacht namens TUVALU. Kurios, nicht? Von Tuvalu nach Tuvalu zu segeln. Tag 1 ...\" \/>\r\n<meta property=\"og:url\" content=\"https:\/\/www.tuvalubarcelona.es\/passage\/\" \/>\r\n<meta property=\"og:site_name\" content=\"TUVALU\" \/>\r\n<meta property=\"article:publisher\" content=\"https:\/\/www.facebook.com\/tuvalu.barcelona\" \/>\r\n<meta property=\"article:published_time\" content=\"2017-07-21T03:48:28+00:00\" \/>\r\n<meta property=\"og:image\" content=\"https:\/\/www.tuvalubarcelona.es\/wp-content\/uploads\/2017\/07\/Fiji-to-Tuvalu-2.jpg\" \/>\r\n\t<meta property=\"og:image:width\" content=\"800\" \/>\r\n\t<meta property=\"og:image:height\" content=\"600\" \/>\r\n\t<meta property=\"og:image:type\" content=\"image\/jpeg\" \/>\r\n<meta name=\"author\" content=\"Hans\" \/>\r\n<meta name=\"twitter:card\" content=\"summary_large_image\" \/>\r\n<meta name=\"twitter:creator\" content=\"@tuvalubarcelona\" \/>\r\n<meta name=\"twitter:site\" content=\"@tuvalubarcelona\" \/>\r\n<meta name=\"twitter:label1\" content=\"Verfasst von\" \/>\n\t<meta name=\"twitter:data1\" content=\"Hans\" \/>\n\t<meta name=\"twitter:label2\" content=\"Gesch\u00e4tzte Lesezeit\" \/>\n\t<meta name=\"twitter:data2\" content=\"5\u00a0Minuten\" \/>\r\n<script type=\"application\/ld+json\" class=\"yoast-schema-graph\">{\"@context\":\"https:\/\/schema.org\",\"@graph\":[{\"@type\":\"WebPage\",\"@id\":\"https:\/\/www.tuvalubarcelona.es\/passage\/\",\"url\":\"https:\/\/www.tuvalubarcelona.es\/passage\/\",\"name\":\"passage | by Alba - TUVALU\",\"isPartOf\":{\"@id\":\"https:\/\/www.tuvalubarcelona.es\/#website\"},\"primaryImageOfPage\":{\"@id\":\"https:\/\/www.tuvalubarcelona.es\/passage\/#primaryimage\"},\"image\":{\"@id\":\"https:\/\/www.tuvalubarcelona.es\/passage\/#primaryimage\"},\"thumbnailUrl\":\"https:\/\/www.tuvalubarcelona.es\/wp-content\/uploads\/2017\/07\/Fiji-to-Tuvalu-2.jpg\",\"datePublished\":\"2017-07-21T03:48:28+00:00\",\"author\":{\"@id\":\"https:\/\/www.tuvalubarcelona.es\/#\/schema\/person\/13a188b887ca020aad38d4351a51442c\"},\"breadcrumb\":{\"@id\":\"https:\/\/www.tuvalubarcelona.es\/passage\/#breadcrumb\"},\"inLanguage\":\"de\",\"potentialAction\":[{\"@type\":\"ReadAction\",\"target\":[\"https:\/\/www.tuvalubarcelona.es\/passage\/\"]}]},{\"@type\":\"ImageObject\",\"inLanguage\":\"de\",\"@id\":\"https:\/\/www.tuvalubarcelona.es\/passage\/#primaryimage\",\"url\":\"https:\/\/www.tuvalubarcelona.es\/wp-content\/uploads\/2017\/07\/Fiji-to-Tuvalu-2.jpg\",\"contentUrl\":\"https:\/\/www.tuvalubarcelona.es\/wp-content\/uploads\/2017\/07\/Fiji-to-Tuvalu-2.jpg\",\"width\":800,\"height\":600},{\"@type\":\"BreadcrumbList\",\"@id\":\"https:\/\/www.tuvalubarcelona.es\/passage\/#breadcrumb\",\"itemListElement\":[{\"@type\":\"ListItem\",\"position\":1,\"name\":\"Portada\",\"item\":\"https:\/\/www.tuvalubarcelona.es\/de\/\"},{\"@type\":\"ListItem\",\"position\":2,\"name\":\"passage | by Alba\"}]},{\"@type\":\"WebSite\",\"@id\":\"https:\/\/www.tuvalubarcelona.es\/#website\",\"url\":\"https:\/\/www.tuvalubarcelona.es\/\",\"name\":\"TUVALU\",\"description\":\"Sailing Yacht Barcelona\",\"potentialAction\":[{\"@type\":\"SearchAction\",\"target\":{\"@type\":\"EntryPoint\",\"urlTemplate\":\"https:\/\/www.tuvalubarcelona.es\/?s={search_term_string}\"},\"query-input\":{\"@type\":\"PropertyValueSpecification\",\"valueRequired\":true,\"valueName\":\"search_term_string\"}}],\"inLanguage\":\"de\"},{\"@type\":\"Person\",\"@id\":\"https:\/\/www.tuvalubarcelona.es\/#\/schema\/person\/13a188b887ca020aad38d4351a51442c\",\"name\":\"Hans\",\"image\":{\"@type\":\"ImageObject\",\"inLanguage\":\"de\",\"@id\":\"https:\/\/www.tuvalubarcelona.es\/#\/schema\/person\/image\/\",\"url\":\"https:\/\/secure.gravatar.com\/avatar\/116b707a265ad9ebd7c418fd3d340b7648e2d97dfabde7ab60d136f7fcfb0026?s=96&r=g\",\"contentUrl\":\"https:\/\/secure.gravatar.com\/avatar\/116b707a265ad9ebd7c418fd3d340b7648e2d97dfabde7ab60d136f7fcfb0026?s=96&r=g\",\"caption\":\"Hans\"}}]}<\/script>\r\n<!-- \/ Yoast SEO plugin. -->","yoast_head_json":{"title":"passage | by Alba - TUVALU","robots":{"index":"index","follow":"follow","max-snippet":"max-snippet:-1","max-image-preview":"max-image-preview:large","max-video-preview":"max-video-preview:-1"},"canonical":"https:\/\/www.tuvalubarcelona.es\/passage\/","og_locale":"de_DE","og_type":"article","og_title":"passage | by Alba - TUVALU","og_description":"Hier der Bericht einer neuen Erfahrung in meinem Leben, die \u00dcberfahrt von Fiji nach Tuvalu. 570 Meilen an Bord einer 40 Fuss Segelyacht namens TUVALU. Kurios, nicht? Von Tuvalu nach Tuvalu zu segeln. Tag 1 ...","og_url":"https:\/\/www.tuvalubarcelona.es\/passage\/","og_site_name":"TUVALU","article_publisher":"https:\/\/www.facebook.com\/tuvalu.barcelona","article_published_time":"2017-07-21T03:48:28+00:00","og_image":[{"width":800,"height":600,"url":"https:\/\/www.tuvalubarcelona.es\/wp-content\/uploads\/2017\/07\/Fiji-to-Tuvalu-2.jpg","type":"image\/jpeg"}],"author":"Hans","twitter_card":"summary_large_image","twitter_creator":"@tuvalubarcelona","twitter_site":"@tuvalubarcelona","twitter_misc":{"Verfasst von":"Hans","Gesch\u00e4tzte Lesezeit":"5\u00a0Minuten"},"schema":{"@context":"https:\/\/schema.org","@graph":[{"@type":"WebPage","@id":"https:\/\/www.tuvalubarcelona.es\/passage\/","url":"https:\/\/www.tuvalubarcelona.es\/passage\/","name":"passage | by Alba - TUVALU","isPartOf":{"@id":"https:\/\/www.tuvalubarcelona.es\/#website"},"primaryImageOfPage":{"@id":"https:\/\/www.tuvalubarcelona.es\/passage\/#primaryimage"},"image":{"@id":"https:\/\/www.tuvalubarcelona.es\/passage\/#primaryimage"},"thumbnailUrl":"https:\/\/www.tuvalubarcelona.es\/wp-content\/uploads\/2017\/07\/Fiji-to-Tuvalu-2.jpg","datePublished":"2017-07-21T03:48:28+00:00","author":{"@id":"https:\/\/www.tuvalubarcelona.es\/#\/schema\/person\/13a188b887ca020aad38d4351a51442c"},"breadcrumb":{"@id":"https:\/\/www.tuvalubarcelona.es\/passage\/#breadcrumb"},"inLanguage":"de","potentialAction":[{"@type":"ReadAction","target":["https:\/\/www.tuvalubarcelona.es\/passage\/"]}]},{"@type":"ImageObject","inLanguage":"de","@id":"https:\/\/www.tuvalubarcelona.es\/passage\/#primaryimage","url":"https:\/\/www.tuvalubarcelona.es\/wp-content\/uploads\/2017\/07\/Fiji-to-Tuvalu-2.jpg","contentUrl":"https:\/\/www.tuvalubarcelona.es\/wp-content\/uploads\/2017\/07\/Fiji-to-Tuvalu-2.jpg","width":800,"height":600},{"@type":"BreadcrumbList","@id":"https:\/\/www.tuvalubarcelona.es\/passage\/#breadcrumb","itemListElement":[{"@type":"ListItem","position":1,"name":"Portada","item":"https:\/\/www.tuvalubarcelona.es\/de\/"},{"@type":"ListItem","position":2,"name":"passage | by Alba"}]},{"@type":"WebSite","@id":"https:\/\/www.tuvalubarcelona.es\/#website","url":"https:\/\/www.tuvalubarcelona.es\/","name":"TUVALU","description":"Sailing Yacht Barcelona","potentialAction":[{"@type":"SearchAction","target":{"@type":"EntryPoint","urlTemplate":"https:\/\/www.tuvalubarcelona.es\/?s={search_term_string}"},"query-input":{"@type":"PropertyValueSpecification","valueRequired":true,"valueName":"search_term_string"}}],"inLanguage":"de"},{"@type":"Person","@id":"https:\/\/www.tuvalubarcelona.es\/#\/schema\/person\/13a188b887ca020aad38d4351a51442c","name":"Hans","image":{"@type":"ImageObject","inLanguage":"de","@id":"https:\/\/www.tuvalubarcelona.es\/#\/schema\/person\/image\/","url":"https:\/\/secure.gravatar.com\/avatar\/116b707a265ad9ebd7c418fd3d340b7648e2d97dfabde7ab60d136f7fcfb0026?s=96&r=g","contentUrl":"https:\/\/secure.gravatar.com\/avatar\/116b707a265ad9ebd7c418fd3d340b7648e2d97dfabde7ab60d136f7fcfb0026?s=96&r=g","caption":"Hans"}}]}},"_links":{"self":[{"href":"https:\/\/www.tuvalubarcelona.es\/de\/wp-json\/wp\/v2\/posts\/17402","targetHints":{"allow":["GET"]}}],"collection":[{"href":"https:\/\/www.tuvalubarcelona.es\/de\/wp-json\/wp\/v2\/posts"}],"about":[{"href":"https:\/\/www.tuvalubarcelona.es\/de\/wp-json\/wp\/v2\/types\/post"}],"author":[{"embeddable":true,"href":"https:\/\/www.tuvalubarcelona.es\/de\/wp-json\/wp\/v2\/users\/3"}],"replies":[{"embeddable":true,"href":"https:\/\/www.tuvalubarcelona.es\/de\/wp-json\/wp\/v2\/comments?post=17402"}],"version-history":[{"count":0,"href":"https:\/\/www.tuvalubarcelona.es\/de\/wp-json\/wp\/v2\/posts\/17402\/revisions"}],"wp:featuredmedia":[{"embeddable":true,"href":"https:\/\/www.tuvalubarcelona.es\/de\/wp-json\/wp\/v2\/media\/13991"}],"wp:attachment":[{"href":"https:\/\/www.tuvalubarcelona.es\/de\/wp-json\/wp\/v2\/media?parent=17402"}],"wp:term":[{"taxonomy":"category","embeddable":true,"href":"https:\/\/www.tuvalubarcelona.es\/de\/wp-json\/wp\/v2\/categories?post=17402"},{"taxonomy":"post_tag","embeddable":true,"href":"https:\/\/www.tuvalubarcelona.es\/de\/wp-json\/wp\/v2\/tags?post=17402"}],"curies":[{"name":"wp","href":"https:\/\/api.w.org\/{rel}","templated":true}]}}