{"id":17366,"date":"2016-08-29T13:53:00","date_gmt":"2016-08-29T13:53:00","guid":{"rendered":"https:\/\/www.tuvalubarcelona.es\/where-the-wind-blows\/"},"modified":"2016-08-29T13:53:00","modified_gmt":"2016-08-29T13:53:00","slug":"where-the-wind-blows","status":"publish","type":"post","link":"https:\/\/www.tuvalubarcelona.es\/de\/where-the-wind-blows\/","title":{"rendered":"where the wind blows"},"content":{"rendered":"<p>Als sich langsam das Gef\u00fchl einstellt, wir k\u00f6nnten weiterziehen, legt sich eine Konvergenzzone \u00fcber die Inselgruppe von <em>Vava\u2019u<\/em>. 10 Tage Regen, grauer Himmel &#8211; w\u00e4hrenddessen man sich in Europa an der Sonne r\u00f6stet. Das nachfolgende Hochdruckgebiet vertreibt die Regenwolken, beschert uns jedoch auch eine Woche S\u00fcdostwinde in Sturmst\u00e4rke. Nicht daran zu denken wie geplant nach Norden Richtung Samoa und Wallis zu segeln.<\/p>\n<p>Doch seit gestern sind wir wieder unterwegs. <em>Segle dahin wohin der Wind dich tr\u00e4gt<\/em>, sagt man. Zur\u00fcck bleiben die spanischen Freunde der PAGE, segeln ist immer auch Abschied nehmen. Wir nutzen die inzwischen moderateren Ostwinde und fahren <em>downwind<\/em> direkt nach Fiji. Also zur\u00fcck zur Essenz der Hochsee \u2013 Navigation: Die Welle schiebt von hinten, der Windpilot schaukelt, die Yacht auch, von vorne zieht die Passatbeseglung. Rauf runter, rauf runter, unerm\u00fcdlich. Wir sprechen dann und wann \u00fcber Kurzwelle mit andere Yachten, lesen viel, ich spiele Gitarre, wir d\u00f6sen dann und wann, schlafen abwechselnd und zu Unzeiten. Ab von der Welt und tief im Leben.<\/p>\n<p>&nbsp;<\/p>\n<div style=\"width: 720px;\" class=\"wp-video\"><!--[if lt IE 9]><script>document.createElement('video');<\/script><![endif]-->\n<video class=\"wp-video-shortcode\" id=\"video-17366-1\" width=\"720\" height=\"408\" preload=\"metadata\" controls=\"controls\"><source type=\"video\/mp4\" src=\"http:\/\/tuvalubarcelona.es\/wp-content\/uploads\/2016\/08\/wherethewindblows.mp4?_=1\" \/><a href=\"http:\/\/tuvalubarcelona.es\/wp-content\/uploads\/2016\/08\/wherethewindblows.mp4\">http:\/\/tuvalubarcelona.es\/wp-content\/uploads\/2016\/08\/wherethewindblows.mp4<\/a><\/video><\/div>\n","protected":false},"excerpt":{"rendered":"<p>Als sich langsam das Gef\u00fchl einstellt, wir k\u00f6nnten weiterziehen, legt sich eine Konvergenzzone \u00fcber die Inselgruppe von Vava\u2019u. 10 Tage Regen, grauer Himmel &#8211; w\u00e4hrenddessen man sich in Europa an der Sonne r\u00f6stet. Das nachfolgende  &#8230;<\/p>\n","protected":false},"author":3,"featured_media":13683,"comment_status":"open","ping_status":"open","sticky":false,"template":"","format":"standard","meta":{"footnotes":""},"categories":[],"tags":[],"class_list":["post-17366","post","type-post","status-publish","format-standard","has-post-thumbnail","hentry"],"yoast_head":"<!-- This site is optimized with the Yoast SEO plugin v25.8 - https:\/\/yoast.com\/wordpress\/plugins\/seo\/ -->\r\n<title>where the wind blows - TUVALU<\/title>\r\n<meta name=\"robots\" content=\"index, follow, max-snippet:-1, max-image-preview:large, max-video-preview:-1\" \/>\r\n<link rel=\"canonical\" href=\"https:\/\/www.tuvalubarcelona.es\/where-the-wind-blows\/\" \/>\r\n<meta property=\"og:locale\" content=\"de_DE\" \/>\r\n<meta property=\"og:type\" content=\"article\" \/>\r\n<meta property=\"og:title\" content=\"where the wind blows - TUVALU\" \/>\r\n<meta property=\"og:description\" content=\"Als sich langsam das Gef\u00fchl einstellt, wir k\u00f6nnten weiterziehen, legt sich eine Konvergenzzone \u00fcber die Inselgruppe von Vava\u2019u. 10 Tage Regen, grauer Himmel &#8211; w\u00e4hrenddessen man sich in Europa an der Sonne r\u00f6stet. Das nachfolgende ...\" \/>\r\n<meta property=\"og:url\" content=\"https:\/\/www.tuvalubarcelona.es\/where-the-wind-blows\/\" \/>\r\n<meta property=\"og:site_name\" content=\"TUVALU\" \/>\r\n<meta property=\"article:publisher\" content=\"https:\/\/www.facebook.com\/tuvalu.barcelona\" \/>\r\n<meta property=\"article:published_time\" content=\"2016-08-29T13:53:00+00:00\" \/>\r\n<meta property=\"og:image\" content=\"https:\/\/www.tuvalubarcelona.es\/wp-content\/uploads\/2016\/08\/Tonga-Vavau-Group-Maninita-118.jpg\" \/>\r\n\t<meta property=\"og:image:width\" content=\"1280\" \/>\r\n\t<meta property=\"og:image:height\" content=\"853\" \/>\r\n\t<meta property=\"og:image:type\" content=\"image\/jpeg\" \/>\r\n<meta name=\"author\" content=\"Hans\" \/>\r\n<meta name=\"twitter:card\" content=\"summary_large_image\" \/>\r\n<meta name=\"twitter:creator\" content=\"@tuvalubarcelona\" \/>\r\n<meta name=\"twitter:site\" content=\"@tuvalubarcelona\" \/>\r\n<meta name=\"twitter:label1\" content=\"Verfasst von\" \/>\n\t<meta name=\"twitter:data1\" content=\"Hans\" \/>\n\t<meta name=\"twitter:label2\" content=\"Gesch\u00e4tzte Lesezeit\" \/>\n\t<meta name=\"twitter:data2\" content=\"1\u00a0Minute\" \/>\r\n<script type=\"application\/ld+json\" class=\"yoast-schema-graph\">{\"@context\":\"https:\/\/schema.org\",\"@graph\":[{\"@type\":\"WebPage\",\"@id\":\"https:\/\/www.tuvalubarcelona.es\/where-the-wind-blows\/\",\"url\":\"https:\/\/www.tuvalubarcelona.es\/where-the-wind-blows\/\",\"name\":\"where the wind blows - TUVALU\",\"isPartOf\":{\"@id\":\"https:\/\/www.tuvalubarcelona.es\/#website\"},\"primaryImageOfPage\":{\"@id\":\"https:\/\/www.tuvalubarcelona.es\/where-the-wind-blows\/#primaryimage\"},\"image\":{\"@id\":\"https:\/\/www.tuvalubarcelona.es\/where-the-wind-blows\/#primaryimage\"},\"thumbnailUrl\":\"https:\/\/www.tuvalubarcelona.es\/wp-content\/uploads\/2016\/08\/Tonga-Vavau-Group-Maninita-118.jpg\",\"datePublished\":\"2016-08-29T13:53:00+00:00\",\"author\":{\"@id\":\"https:\/\/www.tuvalubarcelona.es\/#\/schema\/person\/13a188b887ca020aad38d4351a51442c\"},\"breadcrumb\":{\"@id\":\"https:\/\/www.tuvalubarcelona.es\/where-the-wind-blows\/#breadcrumb\"},\"inLanguage\":\"de\",\"potentialAction\":[{\"@type\":\"ReadAction\",\"target\":[\"https:\/\/www.tuvalubarcelona.es\/where-the-wind-blows\/\"]}]},{\"@type\":\"ImageObject\",\"inLanguage\":\"de\",\"@id\":\"https:\/\/www.tuvalubarcelona.es\/where-the-wind-blows\/#primaryimage\",\"url\":\"https:\/\/www.tuvalubarcelona.es\/wp-content\/uploads\/2016\/08\/Tonga-Vavau-Group-Maninita-118.jpg\",\"contentUrl\":\"https:\/\/www.tuvalubarcelona.es\/wp-content\/uploads\/2016\/08\/Tonga-Vavau-Group-Maninita-118.jpg\",\"width\":1280,\"height\":853},{\"@type\":\"BreadcrumbList\",\"@id\":\"https:\/\/www.tuvalubarcelona.es\/where-the-wind-blows\/#breadcrumb\",\"itemListElement\":[{\"@type\":\"ListItem\",\"position\":1,\"name\":\"Portada\",\"item\":\"https:\/\/www.tuvalubarcelona.es\/de\/\"},{\"@type\":\"ListItem\",\"position\":2,\"name\":\"where the wind blows\"}]},{\"@type\":\"WebSite\",\"@id\":\"https:\/\/www.tuvalubarcelona.es\/#website\",\"url\":\"https:\/\/www.tuvalubarcelona.es\/\",\"name\":\"TUVALU\",\"description\":\"Sailing Yacht Barcelona\",\"potentialAction\":[{\"@type\":\"SearchAction\",\"target\":{\"@type\":\"EntryPoint\",\"urlTemplate\":\"https:\/\/www.tuvalubarcelona.es\/?s={search_term_string}\"},\"query-input\":{\"@type\":\"PropertyValueSpecification\",\"valueRequired\":true,\"valueName\":\"search_term_string\"}}],\"inLanguage\":\"de\"},{\"@type\":\"Person\",\"@id\":\"https:\/\/www.tuvalubarcelona.es\/#\/schema\/person\/13a188b887ca020aad38d4351a51442c\",\"name\":\"Hans\",\"image\":{\"@type\":\"ImageObject\",\"inLanguage\":\"de\",\"@id\":\"https:\/\/www.tuvalubarcelona.es\/#\/schema\/person\/image\/\",\"url\":\"https:\/\/secure.gravatar.com\/avatar\/116b707a265ad9ebd7c418fd3d340b7648e2d97dfabde7ab60d136f7fcfb0026?s=96&r=g\",\"contentUrl\":\"https:\/\/secure.gravatar.com\/avatar\/116b707a265ad9ebd7c418fd3d340b7648e2d97dfabde7ab60d136f7fcfb0026?s=96&r=g\",\"caption\":\"Hans\"}}]}<\/script>\r\n<!-- \/ Yoast SEO plugin. -->","yoast_head_json":{"title":"where the wind blows - TUVALU","robots":{"index":"index","follow":"follow","max-snippet":"max-snippet:-1","max-image-preview":"max-image-preview:large","max-video-preview":"max-video-preview:-1"},"canonical":"https:\/\/www.tuvalubarcelona.es\/where-the-wind-blows\/","og_locale":"de_DE","og_type":"article","og_title":"where the wind blows - TUVALU","og_description":"Als sich langsam das Gef\u00fchl einstellt, wir k\u00f6nnten weiterziehen, legt sich eine Konvergenzzone \u00fcber die Inselgruppe von Vava\u2019u. 10 Tage Regen, grauer Himmel &#8211; w\u00e4hrenddessen man sich in Europa an der Sonne r\u00f6stet. Das nachfolgende ...","og_url":"https:\/\/www.tuvalubarcelona.es\/where-the-wind-blows\/","og_site_name":"TUVALU","article_publisher":"https:\/\/www.facebook.com\/tuvalu.barcelona","article_published_time":"2016-08-29T13:53:00+00:00","og_image":[{"width":1280,"height":853,"url":"https:\/\/www.tuvalubarcelona.es\/wp-content\/uploads\/2016\/08\/Tonga-Vavau-Group-Maninita-118.jpg","type":"image\/jpeg"}],"author":"Hans","twitter_card":"summary_large_image","twitter_creator":"@tuvalubarcelona","twitter_site":"@tuvalubarcelona","twitter_misc":{"Verfasst von":"Hans","Gesch\u00e4tzte Lesezeit":"1\u00a0Minute"},"schema":{"@context":"https:\/\/schema.org","@graph":[{"@type":"WebPage","@id":"https:\/\/www.tuvalubarcelona.es\/where-the-wind-blows\/","url":"https:\/\/www.tuvalubarcelona.es\/where-the-wind-blows\/","name":"where the wind blows - TUVALU","isPartOf":{"@id":"https:\/\/www.tuvalubarcelona.es\/#website"},"primaryImageOfPage":{"@id":"https:\/\/www.tuvalubarcelona.es\/where-the-wind-blows\/#primaryimage"},"image":{"@id":"https:\/\/www.tuvalubarcelona.es\/where-the-wind-blows\/#primaryimage"},"thumbnailUrl":"https:\/\/www.tuvalubarcelona.es\/wp-content\/uploads\/2016\/08\/Tonga-Vavau-Group-Maninita-118.jpg","datePublished":"2016-08-29T13:53:00+00:00","author":{"@id":"https:\/\/www.tuvalubarcelona.es\/#\/schema\/person\/13a188b887ca020aad38d4351a51442c"},"breadcrumb":{"@id":"https:\/\/www.tuvalubarcelona.es\/where-the-wind-blows\/#breadcrumb"},"inLanguage":"de","potentialAction":[{"@type":"ReadAction","target":["https:\/\/www.tuvalubarcelona.es\/where-the-wind-blows\/"]}]},{"@type":"ImageObject","inLanguage":"de","@id":"https:\/\/www.tuvalubarcelona.es\/where-the-wind-blows\/#primaryimage","url":"https:\/\/www.tuvalubarcelona.es\/wp-content\/uploads\/2016\/08\/Tonga-Vavau-Group-Maninita-118.jpg","contentUrl":"https:\/\/www.tuvalubarcelona.es\/wp-content\/uploads\/2016\/08\/Tonga-Vavau-Group-Maninita-118.jpg","width":1280,"height":853},{"@type":"BreadcrumbList","@id":"https:\/\/www.tuvalubarcelona.es\/where-the-wind-blows\/#breadcrumb","itemListElement":[{"@type":"ListItem","position":1,"name":"Portada","item":"https:\/\/www.tuvalubarcelona.es\/de\/"},{"@type":"ListItem","position":2,"name":"where the wind blows"}]},{"@type":"WebSite","@id":"https:\/\/www.tuvalubarcelona.es\/#website","url":"https:\/\/www.tuvalubarcelona.es\/","name":"TUVALU","description":"Sailing Yacht Barcelona","potentialAction":[{"@type":"SearchAction","target":{"@type":"EntryPoint","urlTemplate":"https:\/\/www.tuvalubarcelona.es\/?s={search_term_string}"},"query-input":{"@type":"PropertyValueSpecification","valueRequired":true,"valueName":"search_term_string"}}],"inLanguage":"de"},{"@type":"Person","@id":"https:\/\/www.tuvalubarcelona.es\/#\/schema\/person\/13a188b887ca020aad38d4351a51442c","name":"Hans","image":{"@type":"ImageObject","inLanguage":"de","@id":"https:\/\/www.tuvalubarcelona.es\/#\/schema\/person\/image\/","url":"https:\/\/secure.gravatar.com\/avatar\/116b707a265ad9ebd7c418fd3d340b7648e2d97dfabde7ab60d136f7fcfb0026?s=96&r=g","contentUrl":"https:\/\/secure.gravatar.com\/avatar\/116b707a265ad9ebd7c418fd3d340b7648e2d97dfabde7ab60d136f7fcfb0026?s=96&r=g","caption":"Hans"}}]}},"_links":{"self":[{"href":"https:\/\/www.tuvalubarcelona.es\/de\/wp-json\/wp\/v2\/posts\/17366","targetHints":{"allow":["GET"]}}],"collection":[{"href":"https:\/\/www.tuvalubarcelona.es\/de\/wp-json\/wp\/v2\/posts"}],"about":[{"href":"https:\/\/www.tuvalubarcelona.es\/de\/wp-json\/wp\/v2\/types\/post"}],"author":[{"embeddable":true,"href":"https:\/\/www.tuvalubarcelona.es\/de\/wp-json\/wp\/v2\/users\/3"}],"replies":[{"embeddable":true,"href":"https:\/\/www.tuvalubarcelona.es\/de\/wp-json\/wp\/v2\/comments?post=17366"}],"version-history":[{"count":0,"href":"https:\/\/www.tuvalubarcelona.es\/de\/wp-json\/wp\/v2\/posts\/17366\/revisions"}],"wp:featuredmedia":[{"embeddable":true,"href":"https:\/\/www.tuvalubarcelona.es\/de\/wp-json\/wp\/v2\/media\/13683"}],"wp:attachment":[{"href":"https:\/\/www.tuvalubarcelona.es\/de\/wp-json\/wp\/v2\/media?parent=17366"}],"wp:term":[{"taxonomy":"category","embeddable":true,"href":"https:\/\/www.tuvalubarcelona.es\/de\/wp-json\/wp\/v2\/categories?post=17366"},{"taxonomy":"post_tag","embeddable":true,"href":"https:\/\/www.tuvalubarcelona.es\/de\/wp-json\/wp\/v2\/tags?post=17366"}],"curies":[{"name":"wp","href":"https:\/\/api.w.org\/{rel}","templated":true}]}}