{"id":17284,"date":"2015-03-05T00:54:00","date_gmt":"2015-03-05T00:54:00","guid":{"rendered":"https:\/\/www.tuvalubarcelona.es\/galapagos-03\/"},"modified":"2015-03-05T00:54:00","modified_gmt":"2015-03-05T00:54:00","slug":"galapagos-03","status":"publish","type":"post","link":"https:\/\/www.tuvalubarcelona.es\/de\/galapagos-03\/","title":{"rendered":"> gal\u00e1pagos.03"},"content":{"rendered":"<p>Raum- und Zeitlos. Seit Tagen dasselbe Bild. Hinter uns der Kanal, die Kunas, die Karibik. Vor uns das Unbekannte.<\/p>\n<p>Doch hier und jetzt das NICHTS. Bloss Wasser, Wolken und ein endloser Horizont. Keine Schiffe, keine Inseln, keine K\u00fcsten. Nichts. Auch was wir tun l\u00e4sst sich am besten so beschreiben: nichts. Nat\u00fcrlich; wir segeln, wir kochen, wir putzen das Klo und versuchen die Wetterberichte zu verstehen. Und wir Schlafen und Wachen zu Unzeiten.<\/p>\n<p>Selten im Leben ist man so ausgeklinkt, abgeh\u00e4ngt wie auf Hochsee. Die einen hassen es, die anderen lieben es. Die Welt und die Zeit bleiben stehen. Unber\u00fchrt l\u00e4sst es niemand.<\/p>\n<p><em>Ps. Noch 272 Meilen bis nach Galapagos. Irgendwann kommen wir dann an.<\/em><\/p>\n<p><strong>04|03|2015 22.00 UTC \u00a0 02 10 N 85 27 W<\/strong><\/p>\n<p>&nbsp;<\/p>\n","protected":false},"excerpt":{"rendered":"<p>Raum- und Zeitlos. Seit Tagen dasselbe Bild. Hinter uns der Kanal, die Kunas, die Karibik. Vor uns das Unbekannte. Doch hier und jetzt das NICHTS. Bloss Wasser, Wolken und ein endloser Horizont. Keine Schiffe, keine  &#8230;<\/p>\n","protected":false},"author":3,"featured_media":0,"comment_status":"open","ping_status":"open","sticky":false,"template":"","format":"standard","meta":{"footnotes":""},"categories":[391,215],"tags":[],"class_list":["post-17284","post","type-post","status-publish","format-standard","hentry","category-pacific-crossing-3","category-pacific-crossing"],"yoast_head":"<!-- This site is optimized with the Yoast SEO plugin v25.8 - https:\/\/yoast.com\/wordpress\/plugins\/seo\/ -->\r\n<title>&gt; gal\u00e1pagos.03 - TUVALU<\/title>\r\n<meta name=\"robots\" content=\"index, follow, max-snippet:-1, max-image-preview:large, max-video-preview:-1\" \/>\r\n<link rel=\"canonical\" href=\"https:\/\/www.tuvalubarcelona.es\/galapagos-03\/\" \/>\r\n<meta property=\"og:locale\" content=\"de_DE\" \/>\r\n<meta property=\"og:type\" content=\"article\" \/>\r\n<meta property=\"og:title\" content=\"&gt; gal\u00e1pagos.03 - TUVALU\" \/>\r\n<meta property=\"og:description\" content=\"Raum- und Zeitlos. Seit Tagen dasselbe Bild. Hinter uns der Kanal, die Kunas, die Karibik. Vor uns das Unbekannte. Doch hier und jetzt das NICHTS. Bloss Wasser, Wolken und ein endloser Horizont. Keine Schiffe, keine ...\" \/>\r\n<meta property=\"og:url\" content=\"https:\/\/www.tuvalubarcelona.es\/galapagos-03\/\" \/>\r\n<meta property=\"og:site_name\" content=\"TUVALU\" \/>\r\n<meta property=\"article:publisher\" content=\"https:\/\/www.facebook.com\/tuvalu.barcelona\" \/>\r\n<meta property=\"article:published_time\" content=\"2015-03-05T00:54:00+00:00\" \/>\r\n<meta name=\"author\" content=\"Hans\" \/>\r\n<meta name=\"twitter:card\" content=\"summary_large_image\" \/>\r\n<meta name=\"twitter:creator\" content=\"@tuvalubarcelona\" \/>\r\n<meta name=\"twitter:site\" content=\"@tuvalubarcelona\" \/>\r\n<meta name=\"twitter:label1\" content=\"Verfasst von\" \/>\n\t<meta name=\"twitter:data1\" content=\"Hans\" \/>\n\t<meta name=\"twitter:label2\" content=\"Gesch\u00e4tzte Lesezeit\" \/>\n\t<meta name=\"twitter:data2\" content=\"1\u00a0Minute\" \/>\r\n<script type=\"application\/ld+json\" class=\"yoast-schema-graph\">{\"@context\":\"https:\/\/schema.org\",\"@graph\":[{\"@type\":\"WebPage\",\"@id\":\"https:\/\/www.tuvalubarcelona.es\/galapagos-03\/\",\"url\":\"https:\/\/www.tuvalubarcelona.es\/galapagos-03\/\",\"name\":\"> gal\u00e1pagos.03 - TUVALU\",\"isPartOf\":{\"@id\":\"https:\/\/www.tuvalubarcelona.es\/#website\"},\"datePublished\":\"2015-03-05T00:54:00+00:00\",\"author\":{\"@id\":\"https:\/\/www.tuvalubarcelona.es\/#\/schema\/person\/13a188b887ca020aad38d4351a51442c\"},\"breadcrumb\":{\"@id\":\"https:\/\/www.tuvalubarcelona.es\/galapagos-03\/#breadcrumb\"},\"inLanguage\":\"de\",\"potentialAction\":[{\"@type\":\"ReadAction\",\"target\":[\"https:\/\/www.tuvalubarcelona.es\/galapagos-03\/\"]}]},{\"@type\":\"BreadcrumbList\",\"@id\":\"https:\/\/www.tuvalubarcelona.es\/galapagos-03\/#breadcrumb\",\"itemListElement\":[{\"@type\":\"ListItem\",\"position\":1,\"name\":\"Portada\",\"item\":\"https:\/\/www.tuvalubarcelona.es\/de\/\"},{\"@type\":\"ListItem\",\"position\":2,\"name\":\"> gal\u00e1pagos.03\"}]},{\"@type\":\"WebSite\",\"@id\":\"https:\/\/www.tuvalubarcelona.es\/#website\",\"url\":\"https:\/\/www.tuvalubarcelona.es\/\",\"name\":\"TUVALU\",\"description\":\"Sailing Yacht Barcelona\",\"potentialAction\":[{\"@type\":\"SearchAction\",\"target\":{\"@type\":\"EntryPoint\",\"urlTemplate\":\"https:\/\/www.tuvalubarcelona.es\/?s={search_term_string}\"},\"query-input\":{\"@type\":\"PropertyValueSpecification\",\"valueRequired\":true,\"valueName\":\"search_term_string\"}}],\"inLanguage\":\"de\"},{\"@type\":\"Person\",\"@id\":\"https:\/\/www.tuvalubarcelona.es\/#\/schema\/person\/13a188b887ca020aad38d4351a51442c\",\"name\":\"Hans\",\"image\":{\"@type\":\"ImageObject\",\"inLanguage\":\"de\",\"@id\":\"https:\/\/www.tuvalubarcelona.es\/#\/schema\/person\/image\/\",\"url\":\"https:\/\/secure.gravatar.com\/avatar\/116b707a265ad9ebd7c418fd3d340b7648e2d97dfabde7ab60d136f7fcfb0026?s=96&r=g\",\"contentUrl\":\"https:\/\/secure.gravatar.com\/avatar\/116b707a265ad9ebd7c418fd3d340b7648e2d97dfabde7ab60d136f7fcfb0026?s=96&r=g\",\"caption\":\"Hans\"}}]}<\/script>\r\n<!-- \/ Yoast SEO plugin. -->","yoast_head_json":{"title":"> gal\u00e1pagos.03 - TUVALU","robots":{"index":"index","follow":"follow","max-snippet":"max-snippet:-1","max-image-preview":"max-image-preview:large","max-video-preview":"max-video-preview:-1"},"canonical":"https:\/\/www.tuvalubarcelona.es\/galapagos-03\/","og_locale":"de_DE","og_type":"article","og_title":"> gal\u00e1pagos.03 - TUVALU","og_description":"Raum- und Zeitlos. Seit Tagen dasselbe Bild. Hinter uns der Kanal, die Kunas, die Karibik. Vor uns das Unbekannte. Doch hier und jetzt das NICHTS. Bloss Wasser, Wolken und ein endloser Horizont. Keine Schiffe, keine ...","og_url":"https:\/\/www.tuvalubarcelona.es\/galapagos-03\/","og_site_name":"TUVALU","article_publisher":"https:\/\/www.facebook.com\/tuvalu.barcelona","article_published_time":"2015-03-05T00:54:00+00:00","author":"Hans","twitter_card":"summary_large_image","twitter_creator":"@tuvalubarcelona","twitter_site":"@tuvalubarcelona","twitter_misc":{"Verfasst von":"Hans","Gesch\u00e4tzte Lesezeit":"1\u00a0Minute"},"schema":{"@context":"https:\/\/schema.org","@graph":[{"@type":"WebPage","@id":"https:\/\/www.tuvalubarcelona.es\/galapagos-03\/","url":"https:\/\/www.tuvalubarcelona.es\/galapagos-03\/","name":"> gal\u00e1pagos.03 - TUVALU","isPartOf":{"@id":"https:\/\/www.tuvalubarcelona.es\/#website"},"datePublished":"2015-03-05T00:54:00+00:00","author":{"@id":"https:\/\/www.tuvalubarcelona.es\/#\/schema\/person\/13a188b887ca020aad38d4351a51442c"},"breadcrumb":{"@id":"https:\/\/www.tuvalubarcelona.es\/galapagos-03\/#breadcrumb"},"inLanguage":"de","potentialAction":[{"@type":"ReadAction","target":["https:\/\/www.tuvalubarcelona.es\/galapagos-03\/"]}]},{"@type":"BreadcrumbList","@id":"https:\/\/www.tuvalubarcelona.es\/galapagos-03\/#breadcrumb","itemListElement":[{"@type":"ListItem","position":1,"name":"Portada","item":"https:\/\/www.tuvalubarcelona.es\/de\/"},{"@type":"ListItem","position":2,"name":"> gal\u00e1pagos.03"}]},{"@type":"WebSite","@id":"https:\/\/www.tuvalubarcelona.es\/#website","url":"https:\/\/www.tuvalubarcelona.es\/","name":"TUVALU","description":"Sailing Yacht Barcelona","potentialAction":[{"@type":"SearchAction","target":{"@type":"EntryPoint","urlTemplate":"https:\/\/www.tuvalubarcelona.es\/?s={search_term_string}"},"query-input":{"@type":"PropertyValueSpecification","valueRequired":true,"valueName":"search_term_string"}}],"inLanguage":"de"},{"@type":"Person","@id":"https:\/\/www.tuvalubarcelona.es\/#\/schema\/person\/13a188b887ca020aad38d4351a51442c","name":"Hans","image":{"@type":"ImageObject","inLanguage":"de","@id":"https:\/\/www.tuvalubarcelona.es\/#\/schema\/person\/image\/","url":"https:\/\/secure.gravatar.com\/avatar\/116b707a265ad9ebd7c418fd3d340b7648e2d97dfabde7ab60d136f7fcfb0026?s=96&r=g","contentUrl":"https:\/\/secure.gravatar.com\/avatar\/116b707a265ad9ebd7c418fd3d340b7648e2d97dfabde7ab60d136f7fcfb0026?s=96&r=g","caption":"Hans"}}]}},"_links":{"self":[{"href":"https:\/\/www.tuvalubarcelona.es\/de\/wp-json\/wp\/v2\/posts\/17284","targetHints":{"allow":["GET"]}}],"collection":[{"href":"https:\/\/www.tuvalubarcelona.es\/de\/wp-json\/wp\/v2\/posts"}],"about":[{"href":"https:\/\/www.tuvalubarcelona.es\/de\/wp-json\/wp\/v2\/types\/post"}],"author":[{"embeddable":true,"href":"https:\/\/www.tuvalubarcelona.es\/de\/wp-json\/wp\/v2\/users\/3"}],"replies":[{"embeddable":true,"href":"https:\/\/www.tuvalubarcelona.es\/de\/wp-json\/wp\/v2\/comments?post=17284"}],"version-history":[{"count":0,"href":"https:\/\/www.tuvalubarcelona.es\/de\/wp-json\/wp\/v2\/posts\/17284\/revisions"}],"wp:attachment":[{"href":"https:\/\/www.tuvalubarcelona.es\/de\/wp-json\/wp\/v2\/media?parent=17284"}],"wp:term":[{"taxonomy":"category","embeddable":true,"href":"https:\/\/www.tuvalubarcelona.es\/de\/wp-json\/wp\/v2\/categories?post=17284"},{"taxonomy":"post_tag","embeddable":true,"href":"https:\/\/www.tuvalubarcelona.es\/de\/wp-json\/wp\/v2\/tags?post=17284"}],"curies":[{"name":"wp","href":"https:\/\/api.w.org\/{rel}","templated":true}]}}