{"id":17262,"date":"2014-11-21T12:05:43","date_gmt":"2014-11-21T12:05:43","guid":{"rendered":"https:\/\/www.tuvalubarcelona.es\/1245km\/"},"modified":"2014-11-21T12:05:43","modified_gmt":"2014-11-21T12:05:43","slug":"1245km","status":"publish","type":"post","link":"https:\/\/www.tuvalubarcelona.es\/de\/1245km\/","title":{"rendered":"1245km"},"content":{"rendered":"<p>1247 km, so lang ist sie offiziell, die chilenische <em>Carretera Austral<\/em>. Sie f\u00fchrt einem von <em>Puerto Montt<\/em> bis ganz nach unten nach <em>O&#8217;Higgins<\/em>. Immer s\u00fcdlich, rechts das Meer, links die Berge. Die ureigene Aufgabe einer jeden Strasse ist das Verbinden von zwei Punkten. Irgendwo hin also. Ein klares Ziel.<br \/>\nDoch ehrlicherweise wollten wir ja gar nirgends hin. Die Landstrasse ist uns mehr Ausrede um die unglaubliche Landschaft und die abgelegenen, verschlafenen D\u00f6rfer zu besuchen. Menschen kennenzulernen. M\u00f6gliche Abzweigungen auszukundschaften. Anzuhalten und verweilen. Wir missbrauchen die Strasse f\u00fcr unsere eigenen Interessen.<br \/>\nTats\u00e4chlich macht sie es uns auch einfach. Auf dieser Schotterpiste f\u00e4hrt man kaum mal mehr als 50km\/h. Da rutscht mal der Berg runter und versperrt die Weiterfahrt. Schafe, K\u00fche und Lamas stehen im Wege. Unz\u00e4hlige Baustellen unterbrechen sie, permanent muss sie wieder instand gestellt werden. Dann f\u00e4hrt man wieder ein paar Kilometer mit einer Autof\u00e4hre, da wo das Reinmeissseln in den harten Felsen unm\u00f6glich war. Oft regnet es in Str\u00f6men und man hat kaum mehr Sicht. Die Kurven sind eng, es geht ungeb\u00fchrlich rauf und runter. Am rechten Strassenrand st\u00fcrztet der Abang fast senkrecht ins Meer. Es bl\u00e4st in Sturmst\u00e4rke. Hunderte von Aussichtsspots verschlagen uns den Atem mit ihren Jurrasic Park Landschaften (siehe letzter Blog). Alles Gr\u00fcnde um langsam zu fahren oder anzuhalten.<br \/>\nIn <em>O&#8217;Higgins<\/em> hatten weder <em>Pinochet<\/em> noch die heutige Regierung Kraft und Wille sie weiter durch die Eisfelder bis ganz nach unten in die letzten Siedlungen Chiles weiterzubauen. Der heute s\u00fcdlichste Endpunkt der Strasse ist ein ebenso verschlafenes Kaff wie die meisten andern auf der Strecke. So fahren wir absurderweise von dort wieder 150km zur\u00fcck, nehmen dort die Abzweigung \u00fcber den <em>Paso Roballos<\/em> nach Argentinen um doch noch bis nach <em>Punta Arenas <\/em>zu kommen.<br \/>\nTrotzdem sind wir irgendwie stolz in <em>O&#8217;Higgins<\/em> vor dem Schild am Endpunkt der <em>Carratera Austral<\/em> zu posieren. Das Ankommen ist immer auch ein Weiterfahren.<\/p>\n\n\t\t<style type=\"text\/css\">\n\t\t\t#gallery-1 {\n\t\t\t\tmargin: auto;\n\t\t\t}\n\t\t\t#gallery-1 .gallery-item {\n\t\t\t\tfloat: left;\n\t\t\t\tmargin-top: 10px;\n\t\t\t\ttext-align: center;\n\t\t\t\twidth: 12%;\n\t\t\t}\n\t\t\t#gallery-1 img {\n\t\t\t\tborder: 2px solid #cfcfcf;\n\t\t\t}\n\t\t\t#gallery-1 .gallery-caption {\n\t\t\t\tmargin-left: 0;\n\t\t\t}\n\t\t\t\/* see gallery_shortcode() in wp-includes\/media.php *\/\n\t\t<\/style>\n\t\t<div id='gallery-1' class='gallery galleryid-17262 gallery-columns-8 gallery-size-thumbnail'><dl class='gallery-item'>\n\t\t\t<dt class='gallery-icon landscape'>\n\t\t\t\t<a data-rel=\"iLightbox[postimages]\" data-title=\"IMG_1153.JPG\" data-caption=\"\" href='https:\/\/www.tuvalubarcelona.es\/de\/1245km\/img_1153-jpg-2\/'><img decoding=\"async\" width=\"150\" height=\"150\" src=\"https:\/\/www.tuvalubarcelona.es\/wp-content\/uploads\/2014\/11\/IMG_1153-2-150x150.jpg\" class=\"attachment-thumbnail size-thumbnail\" alt=\"\" srcset=\"https:\/\/www.tuvalubarcelona.es\/wp-content\/uploads\/2014\/11\/IMG_1153-2-66x66.jpg 66w, https:\/\/www.tuvalubarcelona.es\/wp-content\/uploads\/2014\/11\/IMG_1153-2-150x150.jpg 150w\" sizes=\"(max-width: 150px) 100vw, 150px\" \/><\/a>\n\t\t\t<\/dt><\/dl><dl class='gallery-item'>\n\t\t\t<dt class='gallery-icon landscape'>\n\t\t\t\t<a data-rel=\"iLightbox[postimages]\" data-title=\"IMG_1152.JPG\" data-caption=\"\" href='https:\/\/www.tuvalubarcelona.es\/de\/1245km\/img_1152-jpg-2\/'><img decoding=\"async\" width=\"150\" height=\"150\" src=\"https:\/\/www.tuvalubarcelona.es\/wp-content\/uploads\/2014\/11\/IMG_1152-2-150x150.jpg\" class=\"attachment-thumbnail size-thumbnail\" alt=\"\" srcset=\"https:\/\/www.tuvalubarcelona.es\/wp-content\/uploads\/2014\/11\/IMG_1152-2-66x66.jpg 66w, https:\/\/www.tuvalubarcelona.es\/wp-content\/uploads\/2014\/11\/IMG_1152-2-150x150.jpg 150w\" sizes=\"(max-width: 150px) 100vw, 150px\" \/><\/a>\n\t\t\t<\/dt><\/dl><dl class='gallery-item'>\n\t\t\t<dt class='gallery-icon landscape'>\n\t\t\t\t<a data-rel=\"iLightbox[postimages]\" data-title=\"IMG_1151.JPG\" data-caption=\"\" href='https:\/\/www.tuvalubarcelona.es\/de\/1245km\/img_1151-jpg-2\/'><img decoding=\"async\" width=\"150\" height=\"150\" src=\"https:\/\/www.tuvalubarcelona.es\/wp-content\/uploads\/2014\/11\/IMG_1151-2-150x150.jpg\" class=\"attachment-thumbnail size-thumbnail\" alt=\"\" srcset=\"https:\/\/www.tuvalubarcelona.es\/wp-content\/uploads\/2014\/11\/IMG_1151-2-66x66.jpg 66w, https:\/\/www.tuvalubarcelona.es\/wp-content\/uploads\/2014\/11\/IMG_1151-2-150x150.jpg 150w\" sizes=\"(max-width: 150px) 100vw, 150px\" \/><\/a>\n\t\t\t<\/dt><\/dl><dl class='gallery-item'>\n\t\t\t<dt class='gallery-icon landscape'>\n\t\t\t\t<a data-rel=\"iLightbox[postimages]\" data-title=\"IMG_1150.JPG\" data-caption=\"\" href='https:\/\/www.tuvalubarcelona.es\/de\/1245km\/img_1150-jpg-2\/'><img decoding=\"async\" width=\"150\" height=\"150\" src=\"https:\/\/www.tuvalubarcelona.es\/wp-content\/uploads\/2014\/11\/IMG_1150-2-150x150.jpg\" class=\"attachment-thumbnail size-thumbnail\" alt=\"\" srcset=\"https:\/\/www.tuvalubarcelona.es\/wp-content\/uploads\/2014\/11\/IMG_1150-2-66x66.jpg 66w, https:\/\/www.tuvalubarcelona.es\/wp-content\/uploads\/2014\/11\/IMG_1150-2-150x150.jpg 150w\" sizes=\"(max-width: 150px) 100vw, 150px\" \/><\/a>\n\t\t\t<\/dt><\/dl><dl class='gallery-item'>\n\t\t\t<dt class='gallery-icon landscape'>\n\t\t\t\t<a data-rel=\"iLightbox[postimages]\" data-title=\"IMG_1149.JPG\" data-caption=\"\" href='https:\/\/www.tuvalubarcelona.es\/de\/1245km\/img_1149-jpg-2\/'><img decoding=\"async\" width=\"150\" height=\"150\" src=\"https:\/\/www.tuvalubarcelona.es\/wp-content\/uploads\/2014\/11\/IMG_1149-2-150x150.jpg\" class=\"attachment-thumbnail size-thumbnail\" alt=\"\" srcset=\"https:\/\/www.tuvalubarcelona.es\/wp-content\/uploads\/2014\/11\/IMG_1149-2-66x66.jpg 66w, https:\/\/www.tuvalubarcelona.es\/wp-content\/uploads\/2014\/11\/IMG_1149-2-150x150.jpg 150w\" sizes=\"(max-width: 150px) 100vw, 150px\" \/><\/a>\n\t\t\t<\/dt><\/dl><dl class='gallery-item'>\n\t\t\t<dt class='gallery-icon landscape'>\n\t\t\t\t<a data-rel=\"iLightbox[postimages]\" data-title=\"IMG_1147.JPG\" data-caption=\"\" href='https:\/\/www.tuvalubarcelona.es\/de\/1245km\/img_1147-jpg-2\/'><img decoding=\"async\" width=\"150\" height=\"150\" src=\"https:\/\/www.tuvalubarcelona.es\/wp-content\/uploads\/2014\/11\/IMG_1147-2-150x150.jpg\" class=\"attachment-thumbnail size-thumbnail\" alt=\"\" srcset=\"https:\/\/www.tuvalubarcelona.es\/wp-content\/uploads\/2014\/11\/IMG_1147-2-66x66.jpg 66w, https:\/\/www.tuvalubarcelona.es\/wp-content\/uploads\/2014\/11\/IMG_1147-2-150x150.jpg 150w\" sizes=\"(max-width: 150px) 100vw, 150px\" \/><\/a>\n\t\t\t<\/dt><\/dl><dl class='gallery-item'>\n\t\t\t<dt class='gallery-icon landscape'>\n\t\t\t\t<a data-rel=\"iLightbox[postimages]\" data-title=\"IMG_1146-0.JPG\" data-caption=\"\" href='https:\/\/www.tuvalubarcelona.es\/de\/1245km\/img_1146-0-jpg-2\/'><img decoding=\"async\" width=\"150\" height=\"150\" src=\"https:\/\/www.tuvalubarcelona.es\/wp-content\/uploads\/2014\/11\/IMG_1146-0-150x150.jpg\" class=\"attachment-thumbnail size-thumbnail\" alt=\"\" srcset=\"https:\/\/www.tuvalubarcelona.es\/wp-content\/uploads\/2014\/11\/IMG_1146-0-66x66.jpg 66w, https:\/\/www.tuvalubarcelona.es\/wp-content\/uploads\/2014\/11\/IMG_1146-0-150x150.jpg 150w\" sizes=\"(max-width: 150px) 100vw, 150px\" \/><\/a>\n\t\t\t<\/dt><\/dl><dl class='gallery-item'>\n\t\t\t<dt class='gallery-icon landscape'>\n\t\t\t\t<a data-rel=\"iLightbox[postimages]\" data-title=\"IMG_1145.JPG\" data-caption=\"\" href='https:\/\/www.tuvalubarcelona.es\/de\/1245km\/img_1145-jpg-2\/'><img decoding=\"async\" width=\"150\" height=\"150\" src=\"https:\/\/www.tuvalubarcelona.es\/wp-content\/uploads\/2014\/11\/IMG_1145-2-150x150.jpg\" class=\"attachment-thumbnail size-thumbnail\" alt=\"\" srcset=\"https:\/\/www.tuvalubarcelona.es\/wp-content\/uploads\/2014\/11\/IMG_1145-2-66x66.jpg 66w, https:\/\/www.tuvalubarcelona.es\/wp-content\/uploads\/2014\/11\/IMG_1145-2-150x150.jpg 150w\" sizes=\"(max-width: 150px) 100vw, 150px\" \/><\/a>\n\t\t\t<\/dt><\/dl><br style=\"clear: both\" \/><dl class='gallery-item'>\n\t\t\t<dt class='gallery-icon landscape'>\n\t\t\t\t<a data-rel=\"iLightbox[postimages]\" data-title=\"IMG_1144.JPG\" data-caption=\"\" href='https:\/\/www.tuvalubarcelona.es\/de\/1245km\/img_1144-jpg-2\/'><img decoding=\"async\" width=\"150\" height=\"150\" src=\"https:\/\/www.tuvalubarcelona.es\/wp-content\/uploads\/2014\/11\/IMG_1144-2-150x150.jpg\" class=\"attachment-thumbnail size-thumbnail\" alt=\"\" srcset=\"https:\/\/www.tuvalubarcelona.es\/wp-content\/uploads\/2014\/11\/IMG_1144-2-66x66.jpg 66w, https:\/\/www.tuvalubarcelona.es\/wp-content\/uploads\/2014\/11\/IMG_1144-2-150x150.jpg 150w\" sizes=\"(max-width: 150px) 100vw, 150px\" \/><\/a>\n\t\t\t<\/dt><\/dl><dl class='gallery-item'>\n\t\t\t<dt class='gallery-icon landscape'>\n\t\t\t\t<a data-rel=\"iLightbox[postimages]\" data-title=\"IMG_1143.JPG\" data-caption=\"\" href='https:\/\/www.tuvalubarcelona.es\/de\/1245km\/img_1143-jpg-2\/'><img decoding=\"async\" width=\"150\" height=\"150\" src=\"https:\/\/www.tuvalubarcelona.es\/wp-content\/uploads\/2014\/11\/IMG_1143-2-150x150.jpg\" class=\"attachment-thumbnail size-thumbnail\" alt=\"\" srcset=\"https:\/\/www.tuvalubarcelona.es\/wp-content\/uploads\/2014\/11\/IMG_1143-2-66x66.jpg 66w, https:\/\/www.tuvalubarcelona.es\/wp-content\/uploads\/2014\/11\/IMG_1143-2-150x150.jpg 150w\" sizes=\"(max-width: 150px) 100vw, 150px\" \/><\/a>\n\t\t\t<\/dt><\/dl><dl class='gallery-item'>\n\t\t\t<dt class='gallery-icon landscape'>\n\t\t\t\t<a data-rel=\"iLightbox[postimages]\" data-title=\"IMG_1148.JPG\" data-caption=\"\" href='https:\/\/www.tuvalubarcelona.es\/de\/1245km\/img_1148-jpg-2\/'><img decoding=\"async\" width=\"150\" height=\"150\" src=\"https:\/\/www.tuvalubarcelona.es\/wp-content\/uploads\/2014\/11\/IMG_1148-2-150x150.jpg\" class=\"attachment-thumbnail size-thumbnail\" alt=\"\" srcset=\"https:\/\/www.tuvalubarcelona.es\/wp-content\/uploads\/2014\/11\/IMG_1148-2-66x66.jpg 66w, https:\/\/www.tuvalubarcelona.es\/wp-content\/uploads\/2014\/11\/IMG_1148-2-150x150.jpg 150w\" sizes=\"(max-width: 150px) 100vw, 150px\" \/><\/a>\n\t\t\t<\/dt><\/dl><dl class='gallery-item'>\n\t\t\t<dt class='gallery-icon landscape'>\n\t\t\t\t<a data-rel=\"iLightbox[postimages]\" data-title=\"IMG_1118.JPG\" data-caption=\"\" href='https:\/\/www.tuvalubarcelona.es\/de\/1245km\/img_1118-jpg-2\/'><img decoding=\"async\" width=\"150\" height=\"150\" src=\"https:\/\/www.tuvalubarcelona.es\/wp-content\/uploads\/2014\/11\/IMG_1118-2-150x150.jpg\" class=\"attachment-thumbnail size-thumbnail\" alt=\"\" srcset=\"https:\/\/www.tuvalubarcelona.es\/wp-content\/uploads\/2014\/11\/IMG_1118-2-66x66.jpg 66w, https:\/\/www.tuvalubarcelona.es\/wp-content\/uploads\/2014\/11\/IMG_1118-2-150x150.jpg 150w\" sizes=\"(max-width: 150px) 100vw, 150px\" \/><\/a>\n\t\t\t<\/dt><\/dl><dl class='gallery-item'>\n\t\t\t<dt class='gallery-icon landscape'>\n\t\t\t\t<a data-rel=\"iLightbox[postimages]\" data-title=\"IMG_1122.JPG\" data-caption=\"\" href='https:\/\/www.tuvalubarcelona.es\/de\/1245km\/img_1122-jpg-2\/'><img decoding=\"async\" width=\"150\" height=\"150\" src=\"https:\/\/www.tuvalubarcelona.es\/wp-content\/uploads\/2014\/11\/IMG_1122-2-150x150.jpg\" class=\"attachment-thumbnail size-thumbnail\" alt=\"\" srcset=\"https:\/\/www.tuvalubarcelona.es\/wp-content\/uploads\/2014\/11\/IMG_1122-2-66x66.jpg 66w, https:\/\/www.tuvalubarcelona.es\/wp-content\/uploads\/2014\/11\/IMG_1122-2-150x150.jpg 150w\" sizes=\"(max-width: 150px) 100vw, 150px\" \/><\/a>\n\t\t\t<\/dt><\/dl><dl class='gallery-item'>\n\t\t\t<dt class='gallery-icon landscape'>\n\t\t\t\t<a data-rel=\"iLightbox[postimages]\" data-title=\"IMG_1121.JPG\" data-caption=\"\" href='https:\/\/www.tuvalubarcelona.es\/de\/1245km\/img_1121-jpg-2\/'><img decoding=\"async\" width=\"150\" height=\"150\" src=\"https:\/\/www.tuvalubarcelona.es\/wp-content\/uploads\/2014\/11\/IMG_1121-2-150x150.jpg\" class=\"attachment-thumbnail size-thumbnail\" alt=\"\" srcset=\"https:\/\/www.tuvalubarcelona.es\/wp-content\/uploads\/2014\/11\/IMG_1121-2-66x66.jpg 66w, https:\/\/www.tuvalubarcelona.es\/wp-content\/uploads\/2014\/11\/IMG_1121-2-150x150.jpg 150w\" sizes=\"(max-width: 150px) 100vw, 150px\" \/><\/a>\n\t\t\t<\/dt><\/dl><dl class='gallery-item'>\n\t\t\t<dt class='gallery-icon landscape'>\n\t\t\t\t<a data-rel=\"iLightbox[postimages]\" data-title=\"IMG_1120.JPG\" data-caption=\"\" href='https:\/\/www.tuvalubarcelona.es\/de\/1245km\/img_1120-jpg-2\/'><img decoding=\"async\" width=\"150\" height=\"150\" src=\"https:\/\/www.tuvalubarcelona.es\/wp-content\/uploads\/2014\/11\/IMG_1120-2-150x150.jpg\" class=\"attachment-thumbnail size-thumbnail\" alt=\"\" srcset=\"https:\/\/www.tuvalubarcelona.es\/wp-content\/uploads\/2014\/11\/IMG_1120-2-66x66.jpg 66w, https:\/\/www.tuvalubarcelona.es\/wp-content\/uploads\/2014\/11\/IMG_1120-2-150x150.jpg 150w\" sizes=\"(max-width: 150px) 100vw, 150px\" \/><\/a>\n\t\t\t<\/dt><\/dl><dl class='gallery-item'>\n\t\t\t<dt class='gallery-icon landscape'>\n\t\t\t\t<a data-rel=\"iLightbox[postimages]\" data-title=\"IMG_1119.JPG\" data-caption=\"\" href='https:\/\/www.tuvalubarcelona.es\/de\/1245km\/img_1119-jpg-2\/'><img decoding=\"async\" width=\"150\" height=\"150\" src=\"https:\/\/www.tuvalubarcelona.es\/wp-content\/uploads\/2014\/11\/IMG_1119-2-150x150.jpg\" class=\"attachment-thumbnail size-thumbnail\" alt=\"\" srcset=\"https:\/\/www.tuvalubarcelona.es\/wp-content\/uploads\/2014\/11\/IMG_1119-2-66x66.jpg 66w, https:\/\/www.tuvalubarcelona.es\/wp-content\/uploads\/2014\/11\/IMG_1119-2-150x150.jpg 150w\" sizes=\"(max-width: 150px) 100vw, 150px\" \/><\/a>\n\t\t\t<\/dt><\/dl><br style=\"clear: both\" \/><dl class='gallery-item'>\n\t\t\t<dt class='gallery-icon landscape'>\n\t\t\t\t<a data-rel=\"iLightbox[postimages]\" data-title=\"IMG_1117.JPG\" data-caption=\"\" href='https:\/\/www.tuvalubarcelona.es\/de\/1245km\/img_1117-jpg-2\/'><img decoding=\"async\" width=\"150\" height=\"150\" src=\"https:\/\/www.tuvalubarcelona.es\/wp-content\/uploads\/2014\/11\/IMG_1117-2-150x150.jpg\" class=\"attachment-thumbnail size-thumbnail\" alt=\"\" srcset=\"https:\/\/www.tuvalubarcelona.es\/wp-content\/uploads\/2014\/11\/IMG_1117-2-66x66.jpg 66w, https:\/\/www.tuvalubarcelona.es\/wp-content\/uploads\/2014\/11\/IMG_1117-2-150x150.jpg 150w\" sizes=\"(max-width: 150px) 100vw, 150px\" \/><\/a>\n\t\t\t<\/dt><\/dl><dl class='gallery-item'>\n\t\t\t<dt class='gallery-icon landscape'>\n\t\t\t\t<a data-rel=\"iLightbox[postimages]\" data-title=\"IMG_1115.JPG\" data-caption=\"\" href='https:\/\/www.tuvalubarcelona.es\/de\/1245km\/img_1115-jpg-2\/'><img decoding=\"async\" width=\"150\" height=\"150\" src=\"https:\/\/www.tuvalubarcelona.es\/wp-content\/uploads\/2014\/11\/IMG_1115-2-150x150.jpg\" class=\"attachment-thumbnail size-thumbnail\" alt=\"\" srcset=\"https:\/\/www.tuvalubarcelona.es\/wp-content\/uploads\/2014\/11\/IMG_1115-2-66x66.jpg 66w, https:\/\/www.tuvalubarcelona.es\/wp-content\/uploads\/2014\/11\/IMG_1115-2-150x150.jpg 150w\" sizes=\"(max-width: 150px) 100vw, 150px\" \/><\/a>\n\t\t\t<\/dt><\/dl><dl class='gallery-item'>\n\t\t\t<dt class='gallery-icon landscape'>\n\t\t\t\t<a data-rel=\"iLightbox[postimages]\" data-title=\"IMG_1116.JPG\" data-caption=\"\" href='https:\/\/www.tuvalubarcelona.es\/de\/1245km\/img_1116-jpg-2\/'><img decoding=\"async\" width=\"150\" height=\"150\" src=\"https:\/\/www.tuvalubarcelona.es\/wp-content\/uploads\/2014\/11\/IMG_1116-2-150x150.jpg\" class=\"attachment-thumbnail size-thumbnail\" alt=\"\" srcset=\"https:\/\/www.tuvalubarcelona.es\/wp-content\/uploads\/2014\/11\/IMG_1116-2-66x66.jpg 66w, https:\/\/www.tuvalubarcelona.es\/wp-content\/uploads\/2014\/11\/IMG_1116-2-150x150.jpg 150w\" sizes=\"(max-width: 150px) 100vw, 150px\" \/><\/a>\n\t\t\t<\/dt><\/dl><dl class='gallery-item'>\n\t\t\t<dt class='gallery-icon landscape'>\n\t\t\t\t<a data-rel=\"iLightbox[postimages]\" data-title=\"IMG_1114.JPG\" data-caption=\"\" href='https:\/\/www.tuvalubarcelona.es\/de\/1245km\/img_1114-jpg-2\/'><img decoding=\"async\" width=\"150\" height=\"150\" src=\"https:\/\/www.tuvalubarcelona.es\/wp-content\/uploads\/2014\/11\/IMG_1114-2-150x150.jpg\" class=\"attachment-thumbnail size-thumbnail\" alt=\"\" srcset=\"https:\/\/www.tuvalubarcelona.es\/wp-content\/uploads\/2014\/11\/IMG_1114-2-66x66.jpg 66w, https:\/\/www.tuvalubarcelona.es\/wp-content\/uploads\/2014\/11\/IMG_1114-2-150x150.jpg 150w\" sizes=\"(max-width: 150px) 100vw, 150px\" \/><\/a>\n\t\t\t<\/dt><\/dl><dl class='gallery-item'>\n\t\t\t<dt class='gallery-icon landscape'>\n\t\t\t\t<a data-rel=\"iLightbox[postimages]\" data-title=\"IMG_1113.JPG\" data-caption=\"\" href='https:\/\/www.tuvalubarcelona.es\/de\/1245km\/img_1113-jpg-2\/'><img decoding=\"async\" width=\"150\" height=\"150\" src=\"https:\/\/www.tuvalubarcelona.es\/wp-content\/uploads\/2014\/11\/IMG_1113-2-150x150.jpg\" class=\"attachment-thumbnail size-thumbnail\" alt=\"\" srcset=\"https:\/\/www.tuvalubarcelona.es\/wp-content\/uploads\/2014\/11\/IMG_1113-2-66x66.jpg 66w, https:\/\/www.tuvalubarcelona.es\/wp-content\/uploads\/2014\/11\/IMG_1113-2-150x150.jpg 150w\" sizes=\"(max-width: 150px) 100vw, 150px\" \/><\/a>\n\t\t\t<\/dt><\/dl><dl class='gallery-item'>\n\t\t\t<dt class='gallery-icon landscape'>\n\t\t\t\t<a data-rel=\"iLightbox[postimages]\" data-title=\"IMG_1112.JPG\" data-caption=\"\" href='https:\/\/www.tuvalubarcelona.es\/de\/1245km\/img_1112-jpg-2\/'><img decoding=\"async\" width=\"150\" height=\"150\" src=\"https:\/\/www.tuvalubarcelona.es\/wp-content\/uploads\/2014\/11\/IMG_1112-2-150x150.jpg\" class=\"attachment-thumbnail size-thumbnail\" alt=\"\" srcset=\"https:\/\/www.tuvalubarcelona.es\/wp-content\/uploads\/2014\/11\/IMG_1112-2-66x66.jpg 66w, https:\/\/www.tuvalubarcelona.es\/wp-content\/uploads\/2014\/11\/IMG_1112-2-150x150.jpg 150w\" sizes=\"(max-width: 150px) 100vw, 150px\" \/><\/a>\n\t\t\t<\/dt><\/dl><dl class='gallery-item'>\n\t\t\t<dt class='gallery-icon landscape'>\n\t\t\t\t<a data-rel=\"iLightbox[postimages]\" data-title=\"IMG_1111.JPG\" data-caption=\"\" href='https:\/\/www.tuvalubarcelona.es\/de\/1245km\/img_1111-jpg-2\/'><img decoding=\"async\" width=\"150\" height=\"150\" src=\"https:\/\/www.tuvalubarcelona.es\/wp-content\/uploads\/2014\/11\/IMG_1111-2-150x150.jpg\" class=\"attachment-thumbnail size-thumbnail\" alt=\"\" srcset=\"https:\/\/www.tuvalubarcelona.es\/wp-content\/uploads\/2014\/11\/IMG_1111-2-66x66.jpg 66w, https:\/\/www.tuvalubarcelona.es\/wp-content\/uploads\/2014\/11\/IMG_1111-2-150x150.jpg 150w\" sizes=\"(max-width: 150px) 100vw, 150px\" \/><\/a>\n\t\t\t<\/dt><\/dl>\n\t\t\t<br style='clear: both' \/>\n\t\t<\/div>\n\n","protected":false},"excerpt":{"rendered":"<p>1247 km, so lang ist sie offiziell, die chilenische Carretera Austral. Sie f\u00fchrt einem von Puerto Montt bis ganz nach unten nach O&#8217;Higgins. Immer s\u00fcdlich, rechts das Meer, links die Berge. Die ureigene Aufgabe einer  &#8230;<\/p>\n","protected":false},"author":3,"featured_media":12914,"comment_status":"open","ping_status":"open","sticky":false,"template":"","format":"gallery","meta":{"footnotes":""},"categories":[],"tags":[],"class_list":["post-17262","post","type-post","status-publish","format-gallery","has-post-thumbnail","hentry","post_format-post-format-gallery"],"yoast_head":"<!-- This site is optimized with the Yoast SEO plugin v25.8 - https:\/\/yoast.com\/wordpress\/plugins\/seo\/ -->\r\n<title>1245km - TUVALU<\/title>\r\n<meta name=\"robots\" content=\"index, follow, max-snippet:-1, max-image-preview:large, max-video-preview:-1\" \/>\r\n<link rel=\"canonical\" href=\"https:\/\/www.tuvalubarcelona.es\/1245km\/\" \/>\r\n<meta property=\"og:locale\" content=\"de_DE\" \/>\r\n<meta property=\"og:type\" content=\"article\" \/>\r\n<meta property=\"og:title\" content=\"1245km - TUVALU\" \/>\r\n<meta property=\"og:description\" content=\"1247 km, so lang ist sie offiziell, die chilenische Carretera Austral. Sie f\u00fchrt einem von Puerto Montt bis ganz nach unten nach O&#8217;Higgins. Immer s\u00fcdlich, rechts das Meer, links die Berge. Die ureigene Aufgabe einer ...\" \/>\r\n<meta property=\"og:url\" content=\"https:\/\/www.tuvalubarcelona.es\/1245km\/\" \/>\r\n<meta property=\"og:site_name\" content=\"TUVALU\" \/>\r\n<meta property=\"article:publisher\" content=\"https:\/\/www.facebook.com\/tuvalu.barcelona\" \/>\r\n<meta property=\"article:published_time\" content=\"2014-11-21T12:05:43+00:00\" \/>\r\n<meta property=\"og:image\" content=\"https:\/\/www.tuvalubarcelona.es\/wp-content\/uploads\/2014\/11\/IMG_1118-2.jpg\" \/>\r\n\t<meta property=\"og:image:width\" content=\"2048\" \/>\r\n\t<meta property=\"og:image:height\" content=\"1365\" \/>\r\n\t<meta property=\"og:image:type\" content=\"image\/jpeg\" \/>\r\n<meta name=\"author\" content=\"Hans\" \/>\r\n<meta name=\"twitter:card\" content=\"summary_large_image\" \/>\r\n<meta name=\"twitter:creator\" content=\"@tuvalubarcelona\" \/>\r\n<meta name=\"twitter:site\" content=\"@tuvalubarcelona\" \/>\r\n<meta name=\"twitter:label1\" content=\"Verfasst von\" \/>\n\t<meta name=\"twitter:data1\" content=\"Hans\" \/>\n\t<meta name=\"twitter:label2\" content=\"Gesch\u00e4tzte Lesezeit\" \/>\n\t<meta name=\"twitter:data2\" content=\"2\u00a0Minuten\" \/>\r\n<script type=\"application\/ld+json\" class=\"yoast-schema-graph\">{\"@context\":\"https:\/\/schema.org\",\"@graph\":[{\"@type\":\"WebPage\",\"@id\":\"https:\/\/www.tuvalubarcelona.es\/1245km\/\",\"url\":\"https:\/\/www.tuvalubarcelona.es\/1245km\/\",\"name\":\"1245km - TUVALU\",\"isPartOf\":{\"@id\":\"https:\/\/www.tuvalubarcelona.es\/#website\"},\"primaryImageOfPage\":{\"@id\":\"https:\/\/www.tuvalubarcelona.es\/1245km\/#primaryimage\"},\"image\":{\"@id\":\"https:\/\/www.tuvalubarcelona.es\/1245km\/#primaryimage\"},\"thumbnailUrl\":\"https:\/\/www.tuvalubarcelona.es\/wp-content\/uploads\/2014\/11\/IMG_1118-2.jpg\",\"datePublished\":\"2014-11-21T12:05:43+00:00\",\"author\":{\"@id\":\"https:\/\/www.tuvalubarcelona.es\/#\/schema\/person\/13a188b887ca020aad38d4351a51442c\"},\"breadcrumb\":{\"@id\":\"https:\/\/www.tuvalubarcelona.es\/1245km\/#breadcrumb\"},\"inLanguage\":\"de\",\"potentialAction\":[{\"@type\":\"ReadAction\",\"target\":[\"https:\/\/www.tuvalubarcelona.es\/1245km\/\"]}]},{\"@type\":\"ImageObject\",\"inLanguage\":\"de\",\"@id\":\"https:\/\/www.tuvalubarcelona.es\/1245km\/#primaryimage\",\"url\":\"https:\/\/www.tuvalubarcelona.es\/wp-content\/uploads\/2014\/11\/IMG_1118-2.jpg\",\"contentUrl\":\"https:\/\/www.tuvalubarcelona.es\/wp-content\/uploads\/2014\/11\/IMG_1118-2.jpg\",\"width\":2048,\"height\":1365},{\"@type\":\"BreadcrumbList\",\"@id\":\"https:\/\/www.tuvalubarcelona.es\/1245km\/#breadcrumb\",\"itemListElement\":[{\"@type\":\"ListItem\",\"position\":1,\"name\":\"Portada\",\"item\":\"https:\/\/www.tuvalubarcelona.es\/de\/\"},{\"@type\":\"ListItem\",\"position\":2,\"name\":\"1245km\"}]},{\"@type\":\"WebSite\",\"@id\":\"https:\/\/www.tuvalubarcelona.es\/#website\",\"url\":\"https:\/\/www.tuvalubarcelona.es\/\",\"name\":\"TUVALU\",\"description\":\"Sailing Yacht Barcelona\",\"potentialAction\":[{\"@type\":\"SearchAction\",\"target\":{\"@type\":\"EntryPoint\",\"urlTemplate\":\"https:\/\/www.tuvalubarcelona.es\/?s={search_term_string}\"},\"query-input\":{\"@type\":\"PropertyValueSpecification\",\"valueRequired\":true,\"valueName\":\"search_term_string\"}}],\"inLanguage\":\"de\"},{\"@type\":\"Person\",\"@id\":\"https:\/\/www.tuvalubarcelona.es\/#\/schema\/person\/13a188b887ca020aad38d4351a51442c\",\"name\":\"Hans\",\"image\":{\"@type\":\"ImageObject\",\"inLanguage\":\"de\",\"@id\":\"https:\/\/www.tuvalubarcelona.es\/#\/schema\/person\/image\/\",\"url\":\"https:\/\/secure.gravatar.com\/avatar\/116b707a265ad9ebd7c418fd3d340b7648e2d97dfabde7ab60d136f7fcfb0026?s=96&r=g\",\"contentUrl\":\"https:\/\/secure.gravatar.com\/avatar\/116b707a265ad9ebd7c418fd3d340b7648e2d97dfabde7ab60d136f7fcfb0026?s=96&r=g\",\"caption\":\"Hans\"}}]}<\/script>\r\n<!-- \/ Yoast SEO plugin. -->","yoast_head_json":{"title":"1245km - TUVALU","robots":{"index":"index","follow":"follow","max-snippet":"max-snippet:-1","max-image-preview":"max-image-preview:large","max-video-preview":"max-video-preview:-1"},"canonical":"https:\/\/www.tuvalubarcelona.es\/1245km\/","og_locale":"de_DE","og_type":"article","og_title":"1245km - TUVALU","og_description":"1247 km, so lang ist sie offiziell, die chilenische Carretera Austral. Sie f\u00fchrt einem von Puerto Montt bis ganz nach unten nach O&#8217;Higgins. Immer s\u00fcdlich, rechts das Meer, links die Berge. Die ureigene Aufgabe einer ...","og_url":"https:\/\/www.tuvalubarcelona.es\/1245km\/","og_site_name":"TUVALU","article_publisher":"https:\/\/www.facebook.com\/tuvalu.barcelona","article_published_time":"2014-11-21T12:05:43+00:00","og_image":[{"width":2048,"height":1365,"url":"https:\/\/www.tuvalubarcelona.es\/wp-content\/uploads\/2014\/11\/IMG_1118-2.jpg","type":"image\/jpeg"}],"author":"Hans","twitter_card":"summary_large_image","twitter_creator":"@tuvalubarcelona","twitter_site":"@tuvalubarcelona","twitter_misc":{"Verfasst von":"Hans","Gesch\u00e4tzte Lesezeit":"2\u00a0Minuten"},"schema":{"@context":"https:\/\/schema.org","@graph":[{"@type":"WebPage","@id":"https:\/\/www.tuvalubarcelona.es\/1245km\/","url":"https:\/\/www.tuvalubarcelona.es\/1245km\/","name":"1245km - TUVALU","isPartOf":{"@id":"https:\/\/www.tuvalubarcelona.es\/#website"},"primaryImageOfPage":{"@id":"https:\/\/www.tuvalubarcelona.es\/1245km\/#primaryimage"},"image":{"@id":"https:\/\/www.tuvalubarcelona.es\/1245km\/#primaryimage"},"thumbnailUrl":"https:\/\/www.tuvalubarcelona.es\/wp-content\/uploads\/2014\/11\/IMG_1118-2.jpg","datePublished":"2014-11-21T12:05:43+00:00","author":{"@id":"https:\/\/www.tuvalubarcelona.es\/#\/schema\/person\/13a188b887ca020aad38d4351a51442c"},"breadcrumb":{"@id":"https:\/\/www.tuvalubarcelona.es\/1245km\/#breadcrumb"},"inLanguage":"de","potentialAction":[{"@type":"ReadAction","target":["https:\/\/www.tuvalubarcelona.es\/1245km\/"]}]},{"@type":"ImageObject","inLanguage":"de","@id":"https:\/\/www.tuvalubarcelona.es\/1245km\/#primaryimage","url":"https:\/\/www.tuvalubarcelona.es\/wp-content\/uploads\/2014\/11\/IMG_1118-2.jpg","contentUrl":"https:\/\/www.tuvalubarcelona.es\/wp-content\/uploads\/2014\/11\/IMG_1118-2.jpg","width":2048,"height":1365},{"@type":"BreadcrumbList","@id":"https:\/\/www.tuvalubarcelona.es\/1245km\/#breadcrumb","itemListElement":[{"@type":"ListItem","position":1,"name":"Portada","item":"https:\/\/www.tuvalubarcelona.es\/de\/"},{"@type":"ListItem","position":2,"name":"1245km"}]},{"@type":"WebSite","@id":"https:\/\/www.tuvalubarcelona.es\/#website","url":"https:\/\/www.tuvalubarcelona.es\/","name":"TUVALU","description":"Sailing Yacht Barcelona","potentialAction":[{"@type":"SearchAction","target":{"@type":"EntryPoint","urlTemplate":"https:\/\/www.tuvalubarcelona.es\/?s={search_term_string}"},"query-input":{"@type":"PropertyValueSpecification","valueRequired":true,"valueName":"search_term_string"}}],"inLanguage":"de"},{"@type":"Person","@id":"https:\/\/www.tuvalubarcelona.es\/#\/schema\/person\/13a188b887ca020aad38d4351a51442c","name":"Hans","image":{"@type":"ImageObject","inLanguage":"de","@id":"https:\/\/www.tuvalubarcelona.es\/#\/schema\/person\/image\/","url":"https:\/\/secure.gravatar.com\/avatar\/116b707a265ad9ebd7c418fd3d340b7648e2d97dfabde7ab60d136f7fcfb0026?s=96&r=g","contentUrl":"https:\/\/secure.gravatar.com\/avatar\/116b707a265ad9ebd7c418fd3d340b7648e2d97dfabde7ab60d136f7fcfb0026?s=96&r=g","caption":"Hans"}}]}},"_links":{"self":[{"href":"https:\/\/www.tuvalubarcelona.es\/de\/wp-json\/wp\/v2\/posts\/17262","targetHints":{"allow":["GET"]}}],"collection":[{"href":"https:\/\/www.tuvalubarcelona.es\/de\/wp-json\/wp\/v2\/posts"}],"about":[{"href":"https:\/\/www.tuvalubarcelona.es\/de\/wp-json\/wp\/v2\/types\/post"}],"author":[{"embeddable":true,"href":"https:\/\/www.tuvalubarcelona.es\/de\/wp-json\/wp\/v2\/users\/3"}],"replies":[{"embeddable":true,"href":"https:\/\/www.tuvalubarcelona.es\/de\/wp-json\/wp\/v2\/comments?post=17262"}],"version-history":[{"count":0,"href":"https:\/\/www.tuvalubarcelona.es\/de\/wp-json\/wp\/v2\/posts\/17262\/revisions"}],"wp:featuredmedia":[{"embeddable":true,"href":"https:\/\/www.tuvalubarcelona.es\/de\/wp-json\/wp\/v2\/media\/12914"}],"wp:attachment":[{"href":"https:\/\/www.tuvalubarcelona.es\/de\/wp-json\/wp\/v2\/media?parent=17262"}],"wp:term":[{"taxonomy":"category","embeddable":true,"href":"https:\/\/www.tuvalubarcelona.es\/de\/wp-json\/wp\/v2\/categories?post=17262"},{"taxonomy":"post_tag","embeddable":true,"href":"https:\/\/www.tuvalubarcelona.es\/de\/wp-json\/wp\/v2\/tags?post=17262"}],"curies":[{"name":"wp","href":"https:\/\/api.w.org\/{rel}","templated":true}]}}