{"id":17232,"date":"2014-03-15T17:27:07","date_gmt":"2014-03-15T17:27:07","guid":{"rendered":"https:\/\/www.tuvalubarcelona.es\/the-saila\/"},"modified":"2014-03-15T17:27:07","modified_gmt":"2014-03-15T17:27:07","slug":"the-saila","status":"publish","type":"post","link":"https:\/\/www.tuvalubarcelona.es\/de\/the-saila\/","title":{"rendered":"the saila"},"content":{"rendered":"<p>Inzwischen wissen wir es. Die sch\u00f6nen weissen Blumenkohlwolken welche \u00fcber uns hinwegziehen verdanken wir <em>Paluhuala<\/em>, der in der Fr\u00fchzeit die Seile der zusammengebunden Wolken mit einer <em>hacha<\/em> zerhackt hat. Seit dann treiben sie nun in den Passatwinden endlos um den Globus.<\/p>\n<p>Nicht nur die Wolken \u00fcber den perfekt Ansichtskartensujets entsprechenden Palmenstrandinseln haben es uns angetan. Wir versuchen auch die Kultur der hier noch so urspr\u00fcnglich lebenden Indianer zu verstehen.<\/p>\n<p>Hier also ein kurzer (naja, f\u00fcr ein Blog schon eher langer&#8230;) Abriss des aktuellen Standes der Dinge. Wobei je nach Dorfgemeinschaft die Traditionen mehr oder weniger orthodox befolgt werden.<\/p>\n<p>Es beginnt mit dem Namen. Es heisst <em>Kuna Yala<\/em> statt <em>San Blas<\/em> \u2013 jemand respektloser hat schon vor l\u00e4ngerer Zeit ihren sch\u00f6nen Namen ge\u00e4ndert *. Doch schon vor den f\u00fcrchterlichen Eroberungsz\u00fcgen der Spanier vor 500 Jahren waren die Kuna Indianer hier. Denn <em>Iberogun<\/em> &#8211; Gott der Kuna\u2019s &#8211; hat die Welt, die Natur, die Lebewesen erschaffen. Von seinem Lebensbaum stammt alles ab, die Kuna\u2019s, die Fische, die Inseln, das Wasser, die Passatwolken. Seit Generationen wird diese Evolutionsgeschichte m\u00fcndlich weitergegeben, in welcher sich religi\u00f6se mit ganz praktischen Angaben mischen.<\/p>\n<p>Jedes Dorf wird im <em>congreso<\/em>, dem Gemeindehaus, gelenkt. In der Mitte der grossen, mit Palmwedeln bedeckten H\u00fctte baumeln in H\u00e4ngematten die <em>Sailas<\/em>. Diese leiten die Gemeinschaft spirituell wie politisch. Um sie herum sind Holzb\u00e4nke f\u00fcr das gemeine Volk angebracht. Mehrmals pro Woche tagt die Volksversammlung, der <em>congreso<\/em>. Die Teilnahme ist f\u00fcr alle obligatorisch, wird in kleinen pers\u00f6nlichen B\u00fcchlein penibel kontrolliert &#8211; und bei zu vielen Absenzen wird man geb\u00fcsst.<\/p>\n<p>Bei den Tagungen des <em>congreso<\/em> werden von den Saila\u2019s in monotonen Ges\u00e4ngen die Religion, Geschichte und Mythen weitergegeben. Aber es werden auch aktuelle Probleme vorgebracht, diskutiert und am Schluss f\u00e4llt der weise <em>Saila <\/em>seine Entscheidung. Muss <em>Saila 1<\/em> \u2013 der eigentliche Vorsteher &#8211; mal weg, dann \u00fcbernimmt <em>Saila 2<\/em>, oder dann <em>Saila 3<\/em>. Somit gibt\u2019s auch drei H\u00e4ngematten. Ihnen zugeordnet sind auch drei Interpreten, welche die manchmal verwirrlichen Geschichten aus der Fr\u00fchzeit in die heutige Zeit \u201e\u00fcbersetzten\u201c.<\/p>\n<p>Die Saila\u2019s werden demokratisch gew\u00e4hlt und k\u00f6nnen \u2013 was zwar selten passiert \u2013 vom Dorf auch wieder abgesetzt werden. Ihre Entscheidungsgewalt ist enorm. Der <em>Saila <\/em>schlichtet Konflikte, verwaltet das gemeinschaftliche Budget, bestimmt Arbeitseins\u00e4tze, Bussen, Steuerabgaben und erteilt Bewilligungen aller Art: zur Heirat (normalerweise nur unter Kuna\u2019s), zum Reisen (nach Panama City oder auf die n\u00e4chste Insel), zum Bauen, Fischen, Studieren oder wirtschaftlichen Aktivit\u00e4ten. Ohne Saila l\u00e4uft gar nichts im Dorf. Denn die religi\u00f6se und die politische Macht ist, \u00e4hnlich wie im Islam, vereint in einem einzigen F\u00fchrer, dem Saila.<\/p>\n<p>Die Saila\u2019s aller D\u00f6rfer treffen sich im <em>Congreso Nacional<\/em>. Dieser wiederum w\u00e4hlt drei Saila\u2019s, die <em>Cacique\u2019s<\/em>, welche die Kunas im nationalen Parlament von Panama vertreten. Ein induktives demokratisches System welches an jenes vom kommunistischen Kuba erinnert. Kuna Yala hat zudem eine weitgehende Autonomiestatus innerhalb von Panama, was sich in vielen Freiheiten (beispielsweise zahlen sie keine Steuern&#8230;) und ganz wenigen Pflichten gegen\u00fcber Panama ausdr\u00fcckt.<\/p>\n<p>F\u00fcr die Gesundheit sorgen Schamane oder auch ein paar wenige Kleinspitale. Die Geschlechtsreife de jungen Frauen wird mit einem grossen Dorffest \u2013 <em>la chicha<\/em>. Ein <em>botell\u00f3n<\/em><em> a la Kuna<\/em> wo stets alle erkl\u00e4rtermassen sturzbetrunken zu enden haben. Die Anleitung dazu kommt von <em>Iberogun<\/em> und wird in der Evolutionsgeschichte detailliert weitergegeben. Die Frauen haben im <em>congreso<\/em> dasselbe Mitbestimmungsrecht wie die M\u00e4nner und sind letztendlich auch das Herz der Familie. Heiratet ein Mann so zieht er immer ins Haus der Frau. Auch ist sie es welche die Finanzen kontrolliert &#8211; eine Art Matriarchat.<\/p>\n<p>In den meisten D\u00f6rfern gibt es Primarschulen, der Unterricht ist bilingual spanisch \u2013 kuna. Ab dem 10. Schuljahr muss man jedoch nach Panama City, falls man weiter zur Schule oder Studieren will. Auf einer dieser vielen Mini \u2013 Inseln haben wir eine Familie getroffen welche dort ganz alleine lebt. Ihre beiden Kinder gehen nicht zur Schule. Wie auch, wenn man bloss ein Einbaum mit Paddel hat und die Schule 15 Seemeilen entfernt ist?<\/p>\n<p>Erst seit ein paar Jahren verbindet eine einzige holprige Landstrasse die Region Kuna Yala mit dem restlichen Staatsgebiet von Panama. Obwohl alles Teil von Panama gibt es dazwischen eine Grenzkontrolle. Die ist nachts geschlossen und f\u00fcr Kuna\u2019s nur mit Bewilligung des Saila\u2019s zu \u00fcberschreiten. Verl\u00e4sst man Kuna Yala um definitiv in Panama City zu arbeiten so gibt es &#8211; je nach Orthodoxie des saila\u2019s &#8211; oft auch kein zur\u00fcck mehr. Man wird quasi ausgeb\u00fcrgert. 75% der Kunas leben so inzwischen ausserhalb ihres Stammesgebietes. Bei der urbanen Dichte der D\u00f6rfern auf den putzig kleinen Inseln hat dies aber durchaus auch ganz praktisch Gr\u00fcnde.<\/p>\n<p>Wie uns ein j\u00fcngerer Kuna erz\u00e4hlte hat man nicht gross dar\u00fcber nachgedachte, dass eine Strasse immer eine Verbindung in zwei Richtungen darstellt. So k\u00f6nnen die Kuna\u2019s nun nicht bloss leichter ihre Produkte in Panama City verkaufen, was das haupts\u00e4chliche Argument war als man die Strasse gebaut hat. Denn heute kommen so neben viele Touristen auch ganz unverhofft der moderne westliche Lebensstil ins zuvor so abgeschottete Land.<\/p>\n<p>Dies alles erkl\u00e4rt uns <em>Saila<\/em> Arturo als er uns auf unserer Yacht besucht. Wir bewirten ihn stammesgerecht mit <em>tortilla espa\u00f1ola, jam\u00f3n<\/em> und <em>vino tinto<\/em>, derweilen Saila Arturo weise erkl\u00e4rt und wir dem\u00fctig nachfragen. F\u00fcr weitere Details \u00fcberl\u00e4sst er uns eine f\u00fcnfzigseitige handgeschrieben Evolutionsgeschichte der Kuna\u2019s**. Sp\u00e4ter besuchen wir auf der <em>isla Maquina<\/em> einen gerade tagenden <em>congreso<\/em> und sprechen dort auch lange mit dem Dorflehrer <em>Miliciano<\/em> \u2013 so k\u00f6nnen wir die Informationen kontrastieren.<\/p>\n<p>Wir versuchen zu verstehen, doch ehrlicherweise gelingt es uns trotz allen Bem\u00fchungen nur teilweise. Warum? Einerseits weil wir ja nicht als Kuna\u2019s geboren sind und so kaum in ein paar Stunden ihre Kultur verstehen k\u00f6nnen und wohl auch immer mit unserem westlich gepr\u00e4gten Verstand interpretieren. Andererseits weil sich uns zunehmend Inkonvergenzen auftun.<\/p>\n<p>Wie definiert die Kultur eines Volkes? Vielleicht durch spezifische Traditionen, Mythenbildungen und Legenden, kollektive Feinbilder, Sprachen, politische Systeme? Versuchen wir es mal: In der Schweiz also <em>Jodel, R\u00f6sti<\/em> und <em>K\u00e4se mit L\u00f6chern<\/em>, Tell und <em>Winkelried<\/em>, die b\u00f6sen \u00fcberm\u00e4chtigen Habsburger oder Europ\u00e4er, scheinbar 500j\u00e4hrige Volksdemokratie, aber keine einigende Sprache. Die Katalanen mit <em>Sardanes, Caganets<\/em> und <em>Cal\u00e7ots<\/em>, nat\u00fcrlich <em>San Jordi, <\/em>der Kampf gegen b\u00f6se \u00fcberm\u00e4chtige Drachen oder \u201eMadrid\u201c, 500 Jahre Demokratie im \u00a0<em>Consell de Cient<\/em>, das Katalanische als einigende Sprache. Die Kuna\u2019s mit <em>Molas<\/em> (mit aufw\u00e4ndigen Mustern gestickte Stoffe), <em>Iberogun<\/em>, der heroische Kampf gegen die Spanier und Panamanesen, die Volksdemokratie seit Menschengedenken im <em>congreso <\/em>und den<em> Sailas<\/em>, und auch das <em>kuna<\/em> als einigende Sprache. Die These scheint also zu klappen.<\/p>\n<p>Die Kultur der Kuna\u2019s zu erhalten scheint also zweifelsfrei ehrenwert zu sein und wir als Reisende freuen uns auch \u00fcber das pittoreske, andersartige Ambiente und das intakte \u00d6kosystem. Auch wenn man zunehmend vom Tourismus profitiert \u2013 in den Buchten mit (zu-) vielen Yachten, auf einigen Inseln mit kleinen im traditionell Stil gebauten Restaurants und Bungalows \u2013 die Natur \u00fcber und unter dem Wasser scheint v\u00f6llig intakt geblieben zu sein. Auch haben die Kuna\u2019s erfolgreich verhindert, dass hier wie in anderen Regionen Panamas grosse internationale Tourismusfirmen ans\u00e4ssig werden. Also keine amerikanischen oder spanische Hotelkl\u00f6tze, keine protzigen Marinas. Kaum wo in der Karibik wurde dies mit einer solchen Konsequenz erreicht. Die Natur ist intakt, das Business ist in den H\u00e4nden der Kuna\u2019s und stetig ziehen die Passatwolken \u00fcber uns dahin.<\/p>\n<p>Doch: Die Sujets der Mola\u2019s haben sich in den letzten Jahren ver\u00e4ndert. Fr\u00fcher waren es noch v\u00f6llig abstrakte Muster, heute erscheinen auch Papageien und Samichl\u00e4use. Verkauft sich einfach besser.<\/p>\n<p><em>Wenn Kultur zur Folklore mutiert l\u00e4uft etwas schief<\/em>.<\/p>\n<p>Denn alles hat auch hier seinen Preis: Langosten werden auch in der Schonzeit verkauft, hundertj\u00e4hrige Grosi\u2019s darf man f\u00fcr 2 USD abfotografieren, angeschwemmte Kokainp\u00e4ckchen werden unreflektiert der kolumbianischen Drogenmafia zur\u00fcckverkauft und der Saila verteilt die Einnahmen dann via congreso dem ganzen Dorf. Und selbst f\u00fcr\u2019s eigenh\u00e4ndige abfotografieren der Evolutionsgeschichte m\u00fcssen wir dem <em>Saila<\/em> 20 USD \u201espenden\u201c. Verst\u00e4ndlich, doch ist so diese Kultur noch zu halten?<\/p>\n<p>Geht es um Kulturerhalt oder um die Verhinderung von Wissen und Fortschritt? Sind die Saila\u2019s <em>Don Quijotes<\/em>?<\/p>\n<p>Neben den mit Palmbl\u00e4ttern gedeckten H\u00fctten sind Solarpanele, Satellitensch\u00fcsseln und Energiesparlampen auszumachen. Die jungen Kuna\u2019s telefonieren mit ihren Mobiles, surfen im \u00a0Facebook, schauen amerikanische TV Serien, haben nun auch dr\u00f6hnende Lautsprecher in der H\u00fctte stehen, sind Bar\u00e7a- oder Real- Fans und kleiden sich wie Neymar. Lieber eine <em>lancha<\/em> mit einem 100 PS Ausserborder statt einen langsamen Einbaum. Fischer zu werden oder ein Leben lang Molas zu sticken wird f\u00fcr sie wohl kaum noch der grosse Lebenstraum zu sein.<\/p>\n<p>Weiss darauf der Saila wirklich eine Antwort?<\/p>\n<div>\n<hr align=\"left\" size=\"1\" width=\"33%\" \/>\n<div>\n<blockquote><p>* \u00a0Mira el excelente retrato sobre las kunas en el libro del vueltamundista espa\u00f1ol Miguel Rodriguez Larrosa; OCEANOVI \u2013 relatos de una vuelta al mundo; Ediciones Mendrugo. En Espa\u00f1a se vende en las librer\u00edas de Alta\u00efr.<\/p>\n<p>** La historia de la antig\u00fcedad de indios de San Blas despu\u00e9s del tiempo de diluvio universal<\/p><\/blockquote>\n<\/div>\n<div>\n<blockquote><p>&nbsp;<\/p><\/blockquote>\n<p>&nbsp;<\/p>\n\n\t\t<style type=\"text\/css\">\n\t\t\t#gallery-1 {\n\t\t\t\tmargin: auto;\n\t\t\t}\n\t\t\t#gallery-1 .gallery-item {\n\t\t\t\tfloat: left;\n\t\t\t\tmargin-top: 10px;\n\t\t\t\ttext-align: center;\n\t\t\t\twidth: 12%;\n\t\t\t}\n\t\t\t#gallery-1 img {\n\t\t\t\tborder: 2px solid #cfcfcf;\n\t\t\t}\n\t\t\t#gallery-1 .gallery-caption {\n\t\t\t\tmargin-left: 0;\n\t\t\t}\n\t\t\t\/* see gallery_shortcode() in wp-includes\/media.php *\/\n\t\t<\/style>\n\t\t<div id='gallery-1' class='gallery galleryid-17232 gallery-columns-8 gallery-size-thumbnail'><dl class='gallery-item'>\n\t\t\t<dt class='gallery-icon landscape'>\n\t\t\t\t<a data-rel=\"iLightbox[postimages]\" data-title=\"saila15\" data-caption=\"\" href='https:\/\/www.tuvalubarcelona.es\/wp-content\/uploads\/2014\/03\/saila15.jpg'><img decoding=\"async\" width=\"150\" height=\"150\" src=\"https:\/\/www.tuvalubarcelona.es\/wp-content\/uploads\/2014\/03\/saila15-150x150.jpg\" class=\"attachment-thumbnail size-thumbnail\" alt=\"\" srcset=\"https:\/\/www.tuvalubarcelona.es\/wp-content\/uploads\/2014\/03\/saila15-66x66.jpg 66w, https:\/\/www.tuvalubarcelona.es\/wp-content\/uploads\/2014\/03\/saila15-150x150.jpg 150w\" sizes=\"(max-width: 150px) 100vw, 150px\" \/><\/a>\n\t\t\t<\/dt><\/dl><dl class='gallery-item'>\n\t\t\t<dt class='gallery-icon portrait'>\n\t\t\t\t<a data-rel=\"iLightbox[postimages]\" data-title=\"saila27\" data-caption=\"\" href='https:\/\/www.tuvalubarcelona.es\/wp-content\/uploads\/2014\/03\/saila27.jpg'><img decoding=\"async\" width=\"150\" height=\"150\" src=\"https:\/\/www.tuvalubarcelona.es\/wp-content\/uploads\/2014\/03\/saila27-150x150.jpg\" class=\"attachment-thumbnail size-thumbnail\" alt=\"\" srcset=\"https:\/\/www.tuvalubarcelona.es\/wp-content\/uploads\/2014\/03\/saila27-66x66.jpg 66w, https:\/\/www.tuvalubarcelona.es\/wp-content\/uploads\/2014\/03\/saila27-150x150.jpg 150w\" sizes=\"(max-width: 150px) 100vw, 150px\" \/><\/a>\n\t\t\t<\/dt><\/dl><dl class='gallery-item'>\n\t\t\t<dt class='gallery-icon landscape'>\n\t\t\t\t<a data-rel=\"iLightbox[postimages]\" data-title=\"saila07\" data-caption=\"\" href='https:\/\/www.tuvalubarcelona.es\/wp-content\/uploads\/2014\/03\/saila07.jpg'><img decoding=\"async\" width=\"150\" height=\"150\" src=\"https:\/\/www.tuvalubarcelona.es\/wp-content\/uploads\/2014\/03\/saila07-150x150.jpg\" class=\"attachment-thumbnail size-thumbnail\" alt=\"\" srcset=\"https:\/\/www.tuvalubarcelona.es\/wp-content\/uploads\/2014\/03\/saila07-66x66.jpg 66w, https:\/\/www.tuvalubarcelona.es\/wp-content\/uploads\/2014\/03\/saila07-150x150.jpg 150w\" sizes=\"(max-width: 150px) 100vw, 150px\" \/><\/a>\n\t\t\t<\/dt><\/dl><dl class='gallery-item'>\n\t\t\t<dt class='gallery-icon landscape'>\n\t\t\t\t<a data-rel=\"iLightbox[postimages]\" data-title=\"saila02\" data-caption=\"\" href='https:\/\/www.tuvalubarcelona.es\/wp-content\/uploads\/2014\/03\/saila02.jpg'><img decoding=\"async\" width=\"150\" height=\"150\" src=\"https:\/\/www.tuvalubarcelona.es\/wp-content\/uploads\/2014\/03\/saila02-150x150.jpg\" class=\"attachment-thumbnail size-thumbnail\" alt=\"\" srcset=\"https:\/\/www.tuvalubarcelona.es\/wp-content\/uploads\/2014\/03\/saila02-66x66.jpg 66w, https:\/\/www.tuvalubarcelona.es\/wp-content\/uploads\/2014\/03\/saila02-150x150.jpg 150w\" sizes=\"(max-width: 150px) 100vw, 150px\" \/><\/a>\n\t\t\t<\/dt><\/dl><dl class='gallery-item'>\n\t\t\t<dt class='gallery-icon landscape'>\n\t\t\t\t<a data-rel=\"iLightbox[postimages]\" data-title=\"saila13\" data-caption=\"\" href='https:\/\/www.tuvalubarcelona.es\/wp-content\/uploads\/2014\/03\/saila13.jpg'><img decoding=\"async\" width=\"150\" height=\"150\" src=\"https:\/\/www.tuvalubarcelona.es\/wp-content\/uploads\/2014\/03\/saila13-150x150.jpg\" class=\"attachment-thumbnail size-thumbnail\" alt=\"\" srcset=\"https:\/\/www.tuvalubarcelona.es\/wp-content\/uploads\/2014\/03\/saila13-66x66.jpg 66w, https:\/\/www.tuvalubarcelona.es\/wp-content\/uploads\/2014\/03\/saila13-150x150.jpg 150w\" sizes=\"(max-width: 150px) 100vw, 150px\" \/><\/a>\n\t\t\t<\/dt><\/dl><dl class='gallery-item'>\n\t\t\t<dt class='gallery-icon landscape'>\n\t\t\t\t<a data-rel=\"iLightbox[postimages]\" data-title=\"saila30\" data-caption=\"\" href='https:\/\/www.tuvalubarcelona.es\/wp-content\/uploads\/2014\/03\/saila30.jpg'><img decoding=\"async\" width=\"150\" height=\"150\" src=\"https:\/\/www.tuvalubarcelona.es\/wp-content\/uploads\/2014\/03\/saila30-150x150.jpg\" class=\"attachment-thumbnail size-thumbnail\" alt=\"\" srcset=\"https:\/\/www.tuvalubarcelona.es\/wp-content\/uploads\/2014\/03\/saila30-66x66.jpg 66w, https:\/\/www.tuvalubarcelona.es\/wp-content\/uploads\/2014\/03\/saila30-150x150.jpg 150w\" sizes=\"(max-width: 150px) 100vw, 150px\" \/><\/a>\n\t\t\t<\/dt><\/dl><dl class='gallery-item'>\n\t\t\t<dt class='gallery-icon landscape'>\n\t\t\t\t<a data-rel=\"iLightbox[postimages]\" data-title=\"saila12\" data-caption=\"\" href='https:\/\/www.tuvalubarcelona.es\/wp-content\/uploads\/2014\/03\/saila12.jpg'><img decoding=\"async\" width=\"150\" height=\"150\" src=\"https:\/\/www.tuvalubarcelona.es\/wp-content\/uploads\/2014\/03\/saila12-150x150.jpg\" class=\"attachment-thumbnail size-thumbnail\" alt=\"\" srcset=\"https:\/\/www.tuvalubarcelona.es\/wp-content\/uploads\/2014\/03\/saila12-66x66.jpg 66w, https:\/\/www.tuvalubarcelona.es\/wp-content\/uploads\/2014\/03\/saila12-150x150.jpg 150w\" sizes=\"(max-width: 150px) 100vw, 150px\" \/><\/a>\n\t\t\t<\/dt><\/dl><dl class='gallery-item'>\n\t\t\t<dt class='gallery-icon landscape'>\n\t\t\t\t<a data-rel=\"iLightbox[postimages]\" data-title=\"saila18\" data-caption=\"\" href='https:\/\/www.tuvalubarcelona.es\/wp-content\/uploads\/2014\/03\/saila18.jpg'><img decoding=\"async\" width=\"150\" height=\"150\" src=\"https:\/\/www.tuvalubarcelona.es\/wp-content\/uploads\/2014\/03\/saila18-150x150.jpg\" class=\"attachment-thumbnail size-thumbnail\" alt=\"\" srcset=\"https:\/\/www.tuvalubarcelona.es\/wp-content\/uploads\/2014\/03\/saila18-66x66.jpg 66w, https:\/\/www.tuvalubarcelona.es\/wp-content\/uploads\/2014\/03\/saila18-150x150.jpg 150w\" sizes=\"(max-width: 150px) 100vw, 150px\" \/><\/a>\n\t\t\t<\/dt><\/dl><br style=\"clear: both\" \/><dl class='gallery-item'>\n\t\t\t<dt class='gallery-icon landscape'>\n\t\t\t\t<a data-rel=\"iLightbox[postimages]\" data-title=\"saila22\" data-caption=\"\" href='https:\/\/www.tuvalubarcelona.es\/wp-content\/uploads\/2014\/03\/saila22.jpg'><img decoding=\"async\" width=\"150\" height=\"150\" src=\"https:\/\/www.tuvalubarcelona.es\/wp-content\/uploads\/2014\/03\/saila22-150x150.jpg\" class=\"attachment-thumbnail size-thumbnail\" alt=\"\" srcset=\"https:\/\/www.tuvalubarcelona.es\/wp-content\/uploads\/2014\/03\/saila22-66x66.jpg 66w, https:\/\/www.tuvalubarcelona.es\/wp-content\/uploads\/2014\/03\/saila22-150x150.jpg 150w\" sizes=\"(max-width: 150px) 100vw, 150px\" \/><\/a>\n\t\t\t<\/dt><\/dl><dl class='gallery-item'>\n\t\t\t<dt class='gallery-icon landscape'>\n\t\t\t\t<a data-rel=\"iLightbox[postimages]\" data-title=\"saila21\" data-caption=\"\" href='https:\/\/www.tuvalubarcelona.es\/wp-content\/uploads\/2014\/03\/saila21.jpg'><img decoding=\"async\" width=\"150\" height=\"150\" src=\"https:\/\/www.tuvalubarcelona.es\/wp-content\/uploads\/2014\/03\/saila21-150x150.jpg\" class=\"attachment-thumbnail size-thumbnail\" alt=\"\" srcset=\"https:\/\/www.tuvalubarcelona.es\/wp-content\/uploads\/2014\/03\/saila21-66x66.jpg 66w, https:\/\/www.tuvalubarcelona.es\/wp-content\/uploads\/2014\/03\/saila21-150x150.jpg 150w\" sizes=\"(max-width: 150px) 100vw, 150px\" \/><\/a>\n\t\t\t<\/dt><\/dl><dl class='gallery-item'>\n\t\t\t<dt class='gallery-icon landscape'>\n\t\t\t\t<a data-rel=\"iLightbox[postimages]\" data-title=\"saila17\" data-caption=\"\" href='https:\/\/www.tuvalubarcelona.es\/wp-content\/uploads\/2014\/03\/saila17.jpg'><img decoding=\"async\" width=\"150\" height=\"150\" src=\"https:\/\/www.tuvalubarcelona.es\/wp-content\/uploads\/2014\/03\/saila17-150x150.jpg\" class=\"attachment-thumbnail size-thumbnail\" alt=\"\" srcset=\"https:\/\/www.tuvalubarcelona.es\/wp-content\/uploads\/2014\/03\/saila17-66x66.jpg 66w, https:\/\/www.tuvalubarcelona.es\/wp-content\/uploads\/2014\/03\/saila17-150x150.jpg 150w\" sizes=\"(max-width: 150px) 100vw, 150px\" \/><\/a>\n\t\t\t<\/dt><\/dl><dl class='gallery-item'>\n\t\t\t<dt class='gallery-icon landscape'>\n\t\t\t\t<a data-rel=\"iLightbox[postimages]\" data-title=\"saila23\" data-caption=\"\" href='https:\/\/www.tuvalubarcelona.es\/wp-content\/uploads\/2014\/03\/saila23.jpg'><img decoding=\"async\" width=\"150\" height=\"150\" src=\"https:\/\/www.tuvalubarcelona.es\/wp-content\/uploads\/2014\/03\/saila23-150x150.jpg\" class=\"attachment-thumbnail size-thumbnail\" alt=\"\" srcset=\"https:\/\/www.tuvalubarcelona.es\/wp-content\/uploads\/2014\/03\/saila23-66x66.jpg 66w, https:\/\/www.tuvalubarcelona.es\/wp-content\/uploads\/2014\/03\/saila23-150x150.jpg 150w\" sizes=\"(max-width: 150px) 100vw, 150px\" \/><\/a>\n\t\t\t<\/dt><\/dl><dl class='gallery-item'>\n\t\t\t<dt class='gallery-icon landscape'>\n\t\t\t\t<a data-rel=\"iLightbox[postimages]\" data-title=\"saila26\" data-caption=\"\" href='https:\/\/www.tuvalubarcelona.es\/wp-content\/uploads\/2014\/03\/saila26.jpg'><img decoding=\"async\" width=\"150\" height=\"150\" src=\"https:\/\/www.tuvalubarcelona.es\/wp-content\/uploads\/2014\/03\/saila26-150x150.jpg\" class=\"attachment-thumbnail size-thumbnail\" alt=\"\" srcset=\"https:\/\/www.tuvalubarcelona.es\/wp-content\/uploads\/2014\/03\/saila26-66x66.jpg 66w, https:\/\/www.tuvalubarcelona.es\/wp-content\/uploads\/2014\/03\/saila26-150x150.jpg 150w\" sizes=\"(max-width: 150px) 100vw, 150px\" \/><\/a>\n\t\t\t<\/dt><\/dl><dl class='gallery-item'>\n\t\t\t<dt class='gallery-icon landscape'>\n\t\t\t\t<a data-rel=\"iLightbox[postimages]\" data-title=\"saila20\" data-caption=\"\" href='https:\/\/www.tuvalubarcelona.es\/wp-content\/uploads\/2014\/03\/saila20.jpg'><img decoding=\"async\" width=\"150\" height=\"150\" src=\"https:\/\/www.tuvalubarcelona.es\/wp-content\/uploads\/2014\/03\/saila20-150x150.jpg\" class=\"attachment-thumbnail size-thumbnail\" alt=\"\" srcset=\"https:\/\/www.tuvalubarcelona.es\/wp-content\/uploads\/2014\/03\/saila20-66x66.jpg 66w, https:\/\/www.tuvalubarcelona.es\/wp-content\/uploads\/2014\/03\/saila20-150x150.jpg 150w\" sizes=\"(max-width: 150px) 100vw, 150px\" \/><\/a>\n\t\t\t<\/dt><\/dl><dl class='gallery-item'>\n\t\t\t<dt class='gallery-icon landscape'>\n\t\t\t\t<a data-rel=\"iLightbox[postimages]\" data-title=\"saila14\" data-caption=\"\" href='https:\/\/www.tuvalubarcelona.es\/wp-content\/uploads\/2014\/03\/saila14.jpg'><img decoding=\"async\" width=\"150\" height=\"150\" src=\"https:\/\/www.tuvalubarcelona.es\/wp-content\/uploads\/2014\/03\/saila14-150x150.jpg\" class=\"attachment-thumbnail size-thumbnail\" alt=\"\" srcset=\"https:\/\/www.tuvalubarcelona.es\/wp-content\/uploads\/2014\/03\/saila14-66x66.jpg 66w, https:\/\/www.tuvalubarcelona.es\/wp-content\/uploads\/2014\/03\/saila14-150x150.jpg 150w\" sizes=\"(max-width: 150px) 100vw, 150px\" \/><\/a>\n\t\t\t<\/dt><\/dl><dl class='gallery-item'>\n\t\t\t<dt class='gallery-icon landscape'>\n\t\t\t\t<a data-rel=\"iLightbox[postimages]\" data-title=\"saila08\" data-caption=\"\" href='https:\/\/www.tuvalubarcelona.es\/wp-content\/uploads\/2014\/03\/saila08.jpg'><img decoding=\"async\" width=\"150\" height=\"150\" src=\"https:\/\/www.tuvalubarcelona.es\/wp-content\/uploads\/2014\/03\/saila08-150x150.jpg\" class=\"attachment-thumbnail size-thumbnail\" alt=\"\" srcset=\"https:\/\/www.tuvalubarcelona.es\/wp-content\/uploads\/2014\/03\/saila08-66x66.jpg 66w, https:\/\/www.tuvalubarcelona.es\/wp-content\/uploads\/2014\/03\/saila08-150x150.jpg 150w\" sizes=\"(max-width: 150px) 100vw, 150px\" \/><\/a>\n\t\t\t<\/dt><\/dl><br style=\"clear: both\" \/><dl class='gallery-item'>\n\t\t\t<dt class='gallery-icon landscape'>\n\t\t\t\t<a data-rel=\"iLightbox[postimages]\" data-title=\"saila16\" data-caption=\"\" href='https:\/\/www.tuvalubarcelona.es\/wp-content\/uploads\/2014\/03\/saila16.jpg'><img decoding=\"async\" width=\"150\" height=\"150\" src=\"https:\/\/www.tuvalubarcelona.es\/wp-content\/uploads\/2014\/03\/saila16-150x150.jpg\" class=\"attachment-thumbnail size-thumbnail\" alt=\"\" srcset=\"https:\/\/www.tuvalubarcelona.es\/wp-content\/uploads\/2014\/03\/saila16-66x66.jpg 66w, https:\/\/www.tuvalubarcelona.es\/wp-content\/uploads\/2014\/03\/saila16-150x150.jpg 150w\" sizes=\"(max-width: 150px) 100vw, 150px\" \/><\/a>\n\t\t\t<\/dt><\/dl><dl class='gallery-item'>\n\t\t\t<dt class='gallery-icon portrait'>\n\t\t\t\t<a data-rel=\"iLightbox[postimages]\" data-title=\"saila09\" data-caption=\"\" href='https:\/\/www.tuvalubarcelona.es\/wp-content\/uploads\/2014\/03\/saila09.jpg'><img decoding=\"async\" width=\"150\" height=\"150\" src=\"https:\/\/www.tuvalubarcelona.es\/wp-content\/uploads\/2014\/03\/saila09-150x150.jpg\" class=\"attachment-thumbnail size-thumbnail\" alt=\"\" srcset=\"https:\/\/www.tuvalubarcelona.es\/wp-content\/uploads\/2014\/03\/saila09-66x66.jpg 66w, https:\/\/www.tuvalubarcelona.es\/wp-content\/uploads\/2014\/03\/saila09-150x150.jpg 150w\" sizes=\"(max-width: 150px) 100vw, 150px\" \/><\/a>\n\t\t\t<\/dt><\/dl><dl class='gallery-item'>\n\t\t\t<dt class='gallery-icon landscape'>\n\t\t\t\t<a data-rel=\"iLightbox[postimages]\" data-title=\"saila25\" data-caption=\"\" href='https:\/\/www.tuvalubarcelona.es\/wp-content\/uploads\/2014\/03\/saila25.jpg'><img decoding=\"async\" width=\"150\" height=\"150\" src=\"https:\/\/www.tuvalubarcelona.es\/wp-content\/uploads\/2014\/03\/saila25-150x150.jpg\" class=\"attachment-thumbnail size-thumbnail\" alt=\"\" srcset=\"https:\/\/www.tuvalubarcelona.es\/wp-content\/uploads\/2014\/03\/saila25-66x66.jpg 66w, https:\/\/www.tuvalubarcelona.es\/wp-content\/uploads\/2014\/03\/saila25-150x150.jpg 150w\" sizes=\"(max-width: 150px) 100vw, 150px\" \/><\/a>\n\t\t\t<\/dt><\/dl><dl class='gallery-item'>\n\t\t\t<dt class='gallery-icon portrait'>\n\t\t\t\t<a data-rel=\"iLightbox[postimages]\" data-title=\"saila10\" data-caption=\"\" href='https:\/\/www.tuvalubarcelona.es\/wp-content\/uploads\/2014\/03\/saila10.jpg'><img decoding=\"async\" width=\"150\" height=\"150\" src=\"https:\/\/www.tuvalubarcelona.es\/wp-content\/uploads\/2014\/03\/saila10-150x150.jpg\" class=\"attachment-thumbnail size-thumbnail\" alt=\"\" srcset=\"https:\/\/www.tuvalubarcelona.es\/wp-content\/uploads\/2014\/03\/saila10-66x66.jpg 66w, https:\/\/www.tuvalubarcelona.es\/wp-content\/uploads\/2014\/03\/saila10-150x150.jpg 150w\" sizes=\"(max-width: 150px) 100vw, 150px\" \/><\/a>\n\t\t\t<\/dt><\/dl><dl class='gallery-item'>\n\t\t\t<dt class='gallery-icon landscape'>\n\t\t\t\t<a data-rel=\"iLightbox[postimages]\" data-title=\"saila04\" data-caption=\"\" href='https:\/\/www.tuvalubarcelona.es\/wp-content\/uploads\/2014\/03\/saila04.jpg'><img decoding=\"async\" width=\"150\" height=\"150\" src=\"https:\/\/www.tuvalubarcelona.es\/wp-content\/uploads\/2014\/03\/saila04-150x150.jpg\" class=\"attachment-thumbnail size-thumbnail\" alt=\"\" srcset=\"https:\/\/www.tuvalubarcelona.es\/wp-content\/uploads\/2014\/03\/saila04-66x66.jpg 66w, https:\/\/www.tuvalubarcelona.es\/wp-content\/uploads\/2014\/03\/saila04-150x150.jpg 150w\" sizes=\"(max-width: 150px) 100vw, 150px\" \/><\/a>\n\t\t\t<\/dt><\/dl><dl class='gallery-item'>\n\t\t\t<dt class='gallery-icon landscape'>\n\t\t\t\t<a data-rel=\"iLightbox[postimages]\" data-title=\"saila05\" data-caption=\"\" href='https:\/\/www.tuvalubarcelona.es\/wp-content\/uploads\/2014\/03\/saila05.jpg'><img decoding=\"async\" width=\"150\" height=\"150\" src=\"https:\/\/www.tuvalubarcelona.es\/wp-content\/uploads\/2014\/03\/saila05-150x150.jpg\" class=\"attachment-thumbnail size-thumbnail\" alt=\"\" srcset=\"https:\/\/www.tuvalubarcelona.es\/wp-content\/uploads\/2014\/03\/saila05-66x66.jpg 66w, https:\/\/www.tuvalubarcelona.es\/wp-content\/uploads\/2014\/03\/saila05-150x150.jpg 150w\" sizes=\"(max-width: 150px) 100vw, 150px\" \/><\/a>\n\t\t\t<\/dt><\/dl><dl class='gallery-item'>\n\t\t\t<dt class='gallery-icon landscape'>\n\t\t\t\t<a data-rel=\"iLightbox[postimages]\" data-title=\"saila24\" data-caption=\"\" href='https:\/\/www.tuvalubarcelona.es\/wp-content\/uploads\/2014\/03\/saila24.jpg'><img decoding=\"async\" width=\"150\" height=\"150\" src=\"https:\/\/www.tuvalubarcelona.es\/wp-content\/uploads\/2014\/03\/saila24-150x150.jpg\" class=\"attachment-thumbnail size-thumbnail\" alt=\"\" srcset=\"https:\/\/www.tuvalubarcelona.es\/wp-content\/uploads\/2014\/03\/saila24-66x66.jpg 66w, https:\/\/www.tuvalubarcelona.es\/wp-content\/uploads\/2014\/03\/saila24-150x150.jpg 150w\" sizes=\"(max-width: 150px) 100vw, 150px\" \/><\/a>\n\t\t\t<\/dt><\/dl><dl class='gallery-item'>\n\t\t\t<dt class='gallery-icon landscape'>\n\t\t\t\t<a data-rel=\"iLightbox[postimages]\" data-title=\"saila06\" data-caption=\"\" href='https:\/\/www.tuvalubarcelona.es\/wp-content\/uploads\/2014\/03\/saila06.jpg'><img decoding=\"async\" width=\"150\" height=\"150\" src=\"https:\/\/www.tuvalubarcelona.es\/wp-content\/uploads\/2014\/03\/saila06-150x150.jpg\" class=\"attachment-thumbnail size-thumbnail\" alt=\"\" srcset=\"https:\/\/www.tuvalubarcelona.es\/wp-content\/uploads\/2014\/03\/saila06-66x66.jpg 66w, https:\/\/www.tuvalubarcelona.es\/wp-content\/uploads\/2014\/03\/saila06-150x150.jpg 150w\" sizes=\"(max-width: 150px) 100vw, 150px\" \/><\/a>\n\t\t\t<\/dt><\/dl><br style=\"clear: both\" \/><dl class='gallery-item'>\n\t\t\t<dt class='gallery-icon landscape'>\n\t\t\t\t<a data-rel=\"iLightbox[postimages]\" data-title=\"saila11\" data-caption=\"\" href='https:\/\/www.tuvalubarcelona.es\/wp-content\/uploads\/2014\/03\/saila11.jpg'><img decoding=\"async\" width=\"150\" height=\"150\" src=\"https:\/\/www.tuvalubarcelona.es\/wp-content\/uploads\/2014\/03\/saila11-150x150.jpg\" class=\"attachment-thumbnail size-thumbnail\" alt=\"\" srcset=\"https:\/\/www.tuvalubarcelona.es\/wp-content\/uploads\/2014\/03\/saila11-66x66.jpg 66w, https:\/\/www.tuvalubarcelona.es\/wp-content\/uploads\/2014\/03\/saila11-150x150.jpg 150w\" sizes=\"(max-width: 150px) 100vw, 150px\" \/><\/a>\n\t\t\t<\/dt><\/dl><dl class='gallery-item'>\n\t\t\t<dt class='gallery-icon portrait'>\n\t\t\t\t<a data-rel=\"iLightbox[postimages]\" data-title=\"saila01\" data-caption=\"\" href='https:\/\/www.tuvalubarcelona.es\/wp-content\/uploads\/2014\/03\/saila01.jpg'><img decoding=\"async\" width=\"150\" height=\"150\" src=\"https:\/\/www.tuvalubarcelona.es\/wp-content\/uploads\/2014\/03\/saila01-150x150.jpg\" class=\"attachment-thumbnail size-thumbnail\" alt=\"\" srcset=\"https:\/\/www.tuvalubarcelona.es\/wp-content\/uploads\/2014\/03\/saila01-66x66.jpg 66w, https:\/\/www.tuvalubarcelona.es\/wp-content\/uploads\/2014\/03\/saila01-150x150.jpg 150w\" sizes=\"(max-width: 150px) 100vw, 150px\" \/><\/a>\n\t\t\t<\/dt><\/dl><dl class='gallery-item'>\n\t\t\t<dt class='gallery-icon landscape'>\n\t\t\t\t<a data-rel=\"iLightbox[postimages]\" data-title=\"saila19\" data-caption=\"\" href='https:\/\/www.tuvalubarcelona.es\/wp-content\/uploads\/2014\/03\/saila19.jpg'><img decoding=\"async\" width=\"150\" height=\"150\" src=\"https:\/\/www.tuvalubarcelona.es\/wp-content\/uploads\/2014\/03\/saila19-150x150.jpg\" class=\"attachment-thumbnail size-thumbnail\" alt=\"\" srcset=\"https:\/\/www.tuvalubarcelona.es\/wp-content\/uploads\/2014\/03\/saila19-66x66.jpg 66w, https:\/\/www.tuvalubarcelona.es\/wp-content\/uploads\/2014\/03\/saila19-150x150.jpg 150w\" sizes=\"(max-width: 150px) 100vw, 150px\" \/><\/a>\n\t\t\t<\/dt><\/dl><dl class='gallery-item'>\n\t\t\t<dt class='gallery-icon landscape'>\n\t\t\t\t<a data-rel=\"iLightbox[postimages]\" data-title=\"saila03\" data-caption=\"\" href='https:\/\/www.tuvalubarcelona.es\/wp-content\/uploads\/2014\/03\/saila03.jpg'><img decoding=\"async\" width=\"150\" height=\"150\" src=\"https:\/\/www.tuvalubarcelona.es\/wp-content\/uploads\/2014\/03\/saila03-150x150.jpg\" class=\"attachment-thumbnail size-thumbnail\" alt=\"\" srcset=\"https:\/\/www.tuvalubarcelona.es\/wp-content\/uploads\/2014\/03\/saila03-66x66.jpg 66w, https:\/\/www.tuvalubarcelona.es\/wp-content\/uploads\/2014\/03\/saila03-150x150.jpg 150w\" sizes=\"(max-width: 150px) 100vw, 150px\" \/><\/a>\n\t\t\t<\/dt><\/dl>\n\t\t\t<br style='clear: both' \/>\n\t\t<\/div>\n\n<\/div>\n<div>\n<p>&nbsp;<\/p>\n<\/div>\n<\/div>\n","protected":false},"excerpt":{"rendered":"<p>Inzwischen wissen wir es. Die sch\u00f6nen weissen Blumenkohlwolken welche \u00fcber uns hinwegziehen verdanken wir Paluhuala, der in der Fr\u00fchzeit die Seile der zusammengebunden Wolken mit einer hacha zerhackt hat. Seit dann treiben sie nun in  &#8230;<\/p>\n","protected":false},"author":3,"featured_media":12685,"comment_status":"open","ping_status":"open","sticky":false,"template":"","format":"standard","meta":{"footnotes":""},"categories":[],"tags":[],"class_list":["post-17232","post","type-post","status-publish","format-standard","has-post-thumbnail","hentry"],"yoast_head":"<!-- This site is optimized with the Yoast SEO plugin v25.8 - https:\/\/yoast.com\/wordpress\/plugins\/seo\/ -->\r\n<title>the saila - TUVALU<\/title>\r\n<meta name=\"robots\" content=\"index, follow, max-snippet:-1, max-image-preview:large, max-video-preview:-1\" \/>\r\n<link rel=\"canonical\" href=\"https:\/\/www.tuvalubarcelona.es\/the-saila\/\" \/>\r\n<meta property=\"og:locale\" content=\"de_DE\" \/>\r\n<meta property=\"og:type\" content=\"article\" \/>\r\n<meta property=\"og:title\" content=\"the saila - TUVALU\" \/>\r\n<meta property=\"og:description\" content=\"Inzwischen wissen wir es. Die sch\u00f6nen weissen Blumenkohlwolken welche \u00fcber uns hinwegziehen verdanken wir Paluhuala, der in der Fr\u00fchzeit die Seile der zusammengebunden Wolken mit einer hacha zerhackt hat. Seit dann treiben sie nun in ...\" \/>\r\n<meta property=\"og:url\" content=\"https:\/\/www.tuvalubarcelona.es\/the-saila\/\" \/>\r\n<meta property=\"og:site_name\" content=\"TUVALU\" \/>\r\n<meta property=\"article:publisher\" content=\"https:\/\/www.facebook.com\/tuvalu.barcelona\" \/>\r\n<meta property=\"article:published_time\" content=\"2014-03-15T17:27:07+00:00\" \/>\r\n<meta property=\"og:image\" content=\"https:\/\/www.tuvalubarcelona.es\/wp-content\/uploads\/2014\/03\/saila23.jpg\" \/>\r\n\t<meta property=\"og:image:width\" content=\"640\" \/>\r\n\t<meta property=\"og:image:height\" content=\"427\" \/>\r\n\t<meta property=\"og:image:type\" content=\"image\/jpeg\" \/>\r\n<meta name=\"author\" content=\"Hans\" \/>\r\n<meta name=\"twitter:card\" content=\"summary_large_image\" \/>\r\n<meta name=\"twitter:creator\" content=\"@tuvalubarcelona\" \/>\r\n<meta name=\"twitter:site\" content=\"@tuvalubarcelona\" \/>\r\n<meta name=\"twitter:label1\" content=\"Verfasst von\" \/>\n\t<meta name=\"twitter:data1\" content=\"Hans\" \/>\n\t<meta name=\"twitter:label2\" content=\"Gesch\u00e4tzte Lesezeit\" \/>\n\t<meta name=\"twitter:data2\" content=\"8\u00a0Minuten\" \/>\r\n<script type=\"application\/ld+json\" class=\"yoast-schema-graph\">{\"@context\":\"https:\/\/schema.org\",\"@graph\":[{\"@type\":\"WebPage\",\"@id\":\"https:\/\/www.tuvalubarcelona.es\/the-saila\/\",\"url\":\"https:\/\/www.tuvalubarcelona.es\/the-saila\/\",\"name\":\"the saila - TUVALU\",\"isPartOf\":{\"@id\":\"https:\/\/www.tuvalubarcelona.es\/#website\"},\"primaryImageOfPage\":{\"@id\":\"https:\/\/www.tuvalubarcelona.es\/the-saila\/#primaryimage\"},\"image\":{\"@id\":\"https:\/\/www.tuvalubarcelona.es\/the-saila\/#primaryimage\"},\"thumbnailUrl\":\"https:\/\/www.tuvalubarcelona.es\/wp-content\/uploads\/2014\/03\/saila23.jpg\",\"datePublished\":\"2014-03-15T17:27:07+00:00\",\"author\":{\"@id\":\"https:\/\/www.tuvalubarcelona.es\/#\/schema\/person\/13a188b887ca020aad38d4351a51442c\"},\"breadcrumb\":{\"@id\":\"https:\/\/www.tuvalubarcelona.es\/the-saila\/#breadcrumb\"},\"inLanguage\":\"de\",\"potentialAction\":[{\"@type\":\"ReadAction\",\"target\":[\"https:\/\/www.tuvalubarcelona.es\/the-saila\/\"]}]},{\"@type\":\"ImageObject\",\"inLanguage\":\"de\",\"@id\":\"https:\/\/www.tuvalubarcelona.es\/the-saila\/#primaryimage\",\"url\":\"https:\/\/www.tuvalubarcelona.es\/wp-content\/uploads\/2014\/03\/saila23.jpg\",\"contentUrl\":\"https:\/\/www.tuvalubarcelona.es\/wp-content\/uploads\/2014\/03\/saila23.jpg\",\"width\":640,\"height\":427},{\"@type\":\"BreadcrumbList\",\"@id\":\"https:\/\/www.tuvalubarcelona.es\/the-saila\/#breadcrumb\",\"itemListElement\":[{\"@type\":\"ListItem\",\"position\":1,\"name\":\"Portada\",\"item\":\"https:\/\/www.tuvalubarcelona.es\/de\/\"},{\"@type\":\"ListItem\",\"position\":2,\"name\":\"the saila\"}]},{\"@type\":\"WebSite\",\"@id\":\"https:\/\/www.tuvalubarcelona.es\/#website\",\"url\":\"https:\/\/www.tuvalubarcelona.es\/\",\"name\":\"TUVALU\",\"description\":\"Sailing Yacht Barcelona\",\"potentialAction\":[{\"@type\":\"SearchAction\",\"target\":{\"@type\":\"EntryPoint\",\"urlTemplate\":\"https:\/\/www.tuvalubarcelona.es\/?s={search_term_string}\"},\"query-input\":{\"@type\":\"PropertyValueSpecification\",\"valueRequired\":true,\"valueName\":\"search_term_string\"}}],\"inLanguage\":\"de\"},{\"@type\":\"Person\",\"@id\":\"https:\/\/www.tuvalubarcelona.es\/#\/schema\/person\/13a188b887ca020aad38d4351a51442c\",\"name\":\"Hans\",\"image\":{\"@type\":\"ImageObject\",\"inLanguage\":\"de\",\"@id\":\"https:\/\/www.tuvalubarcelona.es\/#\/schema\/person\/image\/\",\"url\":\"https:\/\/secure.gravatar.com\/avatar\/116b707a265ad9ebd7c418fd3d340b7648e2d97dfabde7ab60d136f7fcfb0026?s=96&r=g\",\"contentUrl\":\"https:\/\/secure.gravatar.com\/avatar\/116b707a265ad9ebd7c418fd3d340b7648e2d97dfabde7ab60d136f7fcfb0026?s=96&r=g\",\"caption\":\"Hans\"}}]}<\/script>\r\n<!-- \/ Yoast SEO plugin. -->","yoast_head_json":{"title":"the saila - TUVALU","robots":{"index":"index","follow":"follow","max-snippet":"max-snippet:-1","max-image-preview":"max-image-preview:large","max-video-preview":"max-video-preview:-1"},"canonical":"https:\/\/www.tuvalubarcelona.es\/the-saila\/","og_locale":"de_DE","og_type":"article","og_title":"the saila - TUVALU","og_description":"Inzwischen wissen wir es. Die sch\u00f6nen weissen Blumenkohlwolken welche \u00fcber uns hinwegziehen verdanken wir Paluhuala, der in der Fr\u00fchzeit die Seile der zusammengebunden Wolken mit einer hacha zerhackt hat. Seit dann treiben sie nun in ...","og_url":"https:\/\/www.tuvalubarcelona.es\/the-saila\/","og_site_name":"TUVALU","article_publisher":"https:\/\/www.facebook.com\/tuvalu.barcelona","article_published_time":"2014-03-15T17:27:07+00:00","og_image":[{"width":640,"height":427,"url":"https:\/\/www.tuvalubarcelona.es\/wp-content\/uploads\/2014\/03\/saila23.jpg","type":"image\/jpeg"}],"author":"Hans","twitter_card":"summary_large_image","twitter_creator":"@tuvalubarcelona","twitter_site":"@tuvalubarcelona","twitter_misc":{"Verfasst von":"Hans","Gesch\u00e4tzte Lesezeit":"8\u00a0Minuten"},"schema":{"@context":"https:\/\/schema.org","@graph":[{"@type":"WebPage","@id":"https:\/\/www.tuvalubarcelona.es\/the-saila\/","url":"https:\/\/www.tuvalubarcelona.es\/the-saila\/","name":"the saila - TUVALU","isPartOf":{"@id":"https:\/\/www.tuvalubarcelona.es\/#website"},"primaryImageOfPage":{"@id":"https:\/\/www.tuvalubarcelona.es\/the-saila\/#primaryimage"},"image":{"@id":"https:\/\/www.tuvalubarcelona.es\/the-saila\/#primaryimage"},"thumbnailUrl":"https:\/\/www.tuvalubarcelona.es\/wp-content\/uploads\/2014\/03\/saila23.jpg","datePublished":"2014-03-15T17:27:07+00:00","author":{"@id":"https:\/\/www.tuvalubarcelona.es\/#\/schema\/person\/13a188b887ca020aad38d4351a51442c"},"breadcrumb":{"@id":"https:\/\/www.tuvalubarcelona.es\/the-saila\/#breadcrumb"},"inLanguage":"de","potentialAction":[{"@type":"ReadAction","target":["https:\/\/www.tuvalubarcelona.es\/the-saila\/"]}]},{"@type":"ImageObject","inLanguage":"de","@id":"https:\/\/www.tuvalubarcelona.es\/the-saila\/#primaryimage","url":"https:\/\/www.tuvalubarcelona.es\/wp-content\/uploads\/2014\/03\/saila23.jpg","contentUrl":"https:\/\/www.tuvalubarcelona.es\/wp-content\/uploads\/2014\/03\/saila23.jpg","width":640,"height":427},{"@type":"BreadcrumbList","@id":"https:\/\/www.tuvalubarcelona.es\/the-saila\/#breadcrumb","itemListElement":[{"@type":"ListItem","position":1,"name":"Portada","item":"https:\/\/www.tuvalubarcelona.es\/de\/"},{"@type":"ListItem","position":2,"name":"the saila"}]},{"@type":"WebSite","@id":"https:\/\/www.tuvalubarcelona.es\/#website","url":"https:\/\/www.tuvalubarcelona.es\/","name":"TUVALU","description":"Sailing Yacht Barcelona","potentialAction":[{"@type":"SearchAction","target":{"@type":"EntryPoint","urlTemplate":"https:\/\/www.tuvalubarcelona.es\/?s={search_term_string}"},"query-input":{"@type":"PropertyValueSpecification","valueRequired":true,"valueName":"search_term_string"}}],"inLanguage":"de"},{"@type":"Person","@id":"https:\/\/www.tuvalubarcelona.es\/#\/schema\/person\/13a188b887ca020aad38d4351a51442c","name":"Hans","image":{"@type":"ImageObject","inLanguage":"de","@id":"https:\/\/www.tuvalubarcelona.es\/#\/schema\/person\/image\/","url":"https:\/\/secure.gravatar.com\/avatar\/116b707a265ad9ebd7c418fd3d340b7648e2d97dfabde7ab60d136f7fcfb0026?s=96&r=g","contentUrl":"https:\/\/secure.gravatar.com\/avatar\/116b707a265ad9ebd7c418fd3d340b7648e2d97dfabde7ab60d136f7fcfb0026?s=96&r=g","caption":"Hans"}}]}},"_links":{"self":[{"href":"https:\/\/www.tuvalubarcelona.es\/de\/wp-json\/wp\/v2\/posts\/17232","targetHints":{"allow":["GET"]}}],"collection":[{"href":"https:\/\/www.tuvalubarcelona.es\/de\/wp-json\/wp\/v2\/posts"}],"about":[{"href":"https:\/\/www.tuvalubarcelona.es\/de\/wp-json\/wp\/v2\/types\/post"}],"author":[{"embeddable":true,"href":"https:\/\/www.tuvalubarcelona.es\/de\/wp-json\/wp\/v2\/users\/3"}],"replies":[{"embeddable":true,"href":"https:\/\/www.tuvalubarcelona.es\/de\/wp-json\/wp\/v2\/comments?post=17232"}],"version-history":[{"count":0,"href":"https:\/\/www.tuvalubarcelona.es\/de\/wp-json\/wp\/v2\/posts\/17232\/revisions"}],"wp:featuredmedia":[{"embeddable":true,"href":"https:\/\/www.tuvalubarcelona.es\/de\/wp-json\/wp\/v2\/media\/12685"}],"wp:attachment":[{"href":"https:\/\/www.tuvalubarcelona.es\/de\/wp-json\/wp\/v2\/media?parent=17232"}],"wp:term":[{"taxonomy":"category","embeddable":true,"href":"https:\/\/www.tuvalubarcelona.es\/de\/wp-json\/wp\/v2\/categories?post=17232"},{"taxonomy":"post_tag","embeddable":true,"href":"https:\/\/www.tuvalubarcelona.es\/de\/wp-json\/wp\/v2\/tags?post=17232"}],"curies":[{"name":"wp","href":"https:\/\/api.w.org\/{rel}","templated":true}]}}