{"id":17104,"date":"2012-01-11T01:12:06","date_gmt":"2012-01-11T01:12:06","guid":{"rendered":"https:\/\/www.tuvalubarcelona.es\/atlantik-uberquerung\/"},"modified":"2012-01-11T01:12:06","modified_gmt":"2012-01-11T01:12:06","slug":"atlantik-uberquerung","status":"publish","type":"post","link":"https:\/\/www.tuvalubarcelona.es\/de\/atlantik-uberquerung\/","title":{"rendered":"Atlantik \u2013 \u00dcberquerung"},"content":{"rendered":"<p><em>Eine kurze Zusammenfassung unserer Atlantik \u2013 \u00dcberquerung. Mehr technischer Art, gedacht f\u00fcr die Segler unter Euch\u2026.. (oder auch nicht!).<\/em><\/p>\n<p><strong>Daten:<\/strong><\/p>\n<p><strong>Start Las Palmas<\/strong>: Montag, 05\/12\/11<\/p>\n<p><strong>Ankunft Martinique<\/strong>: Montag, 25\/12\/11<\/p>\n<p><strong>Dauer<\/strong>: 497 h (= 20 Tage &amp; 17 h)<\/p>\n<p><strong>Distanz<\/strong> (GPS): 2836sm<\/p>\n<p><strong>Fahrt unter Segel<\/strong>: 2836 sm<\/p>\n<p><strong>Fahrt unter Motor<\/strong>: 0 sm (ausgenommen Hafenman\u00f6ver)<\/p>\n<p><strong>Durchschnittsgeschwindigkeit<\/strong>: 5,8 Knoten<\/p>\n<p><strong>Spitzengeschwindigkeit<\/strong>: 11,4 Knoten<\/p>\n<p><strong>Durchschnittliches Tages-Etmal<\/strong>: 136 sm<\/p>\n<p><strong>Dieselverbrauch<\/strong>: 18 h = ca. 40 l (f\u00fcr Elektrizit\u00e4t)<\/p>\n<p><strong>Wein<\/strong>: 2 Flaschen<\/p>\n<p><strong>Fische gefischt<\/strong>: 2 Goldmakrelen<\/p>\n<p><strong>Wind<\/strong><\/p>\n<p>Mit der aufgrund der Langfrist &#8211; Wetterprognose um 5 Tage verschobenen Abfahrt in Las Palmas haben wir uns offenbar gute Wetterbedingungen eingehandelt. Wir hatten optimale Winde, sie kamen stets von hinten (NE bis SE), meistens mit zwischen 15 \u2013 25 Knoten und B\u00f6en bis maximal 30 Knoten. Spitzenwert war 34 Knoten. Etwa drei Tage lang war der Wind nur 10 bis 15 Knoten stark, gut um mal etwas auszuruhen.<\/p>\n<p><strong>Welle<\/strong><\/p>\n<p>Die Wellen kamen immer mehr oder weniger von hinten.\u00a0 Normal war eine H\u00f6he von 3 \u2013 4 Meter, w\u00e4hrend etwa einer Woche um 2 \u2013 3 Meter. Die Bef\u00fcrchtung, dass die Wellen von hinten ins Cockpit einsteigen hat sich nicht best\u00e4tigt. Die Dufour 40 hat sich exzellent bew\u00e4hrt. Als eher leichter Regatta \u2013 Cruiser ist es wichtig, dass sie bei hohen Wellen genug schnell f\u00e4hrt, um gut \u00fcber die Wellenspitzen zu kommen, aber auch wieder nicht zu schnell, damit sie im Wellental nicht stecken bleibt. So hatten wir Spitzengeschwindigkeiten von 11,4 Knoten \u2013 beim Runtergleiten ins Wellental.<\/p>\n<p><strong>Beseglung<\/strong><\/p>\n<p>Die zus\u00e4tzlich installierte Rollfock hat sich bestens bew\u00e4hrt. Denn wir sind die gesamte Strecke mit ausgebaumten Fock und Genau gefahren, haben diese aber dem Wind entsprechend eingerollt. Beide Vorsegel haben wir mit einem fix (zwei Niederholer, ein Fall) installierten Spibaum gefahren. Einziges nennenswertes Man\u00f6ver war nach ca. 2\/3 der Strecke ein Seitenwechsel Genua \/ Fock. Das Gross haben wir nie gebraucht, es w\u00e4re aber an ein paar Tagen f\u00fcr zus\u00e4tzliche Fahrt einsetzbar gewesen. Den asymetrischen Spi haben wir ebenso wenig gebraucht \u2013 der Wind war nie schwach genug.<\/p>\n<p><strong>Steuerung<\/strong><\/p>\n<p>Wir sind die gesamte Strecke mit der mechanischen Windsteueranlage <a title=\"WINDPILOT\" href=\"http:\/\/www.windpilot.de\" target=\"_blank\" rel=\"noopener\">WINDPILOT<\/a> gefahren. Der Windpilot ist der wohl wichtigste Ausr\u00fcstungsgegenstand auf unserer Yacht, hat ohne zu murren und ohne Stromverbrauch die Yacht in s\u00e4mtlichen Wind- und Wellenverh\u00e4ltnissen gesteuert.<\/p>\n<p><strong>Elektrizit\u00e4t<\/strong><\/p>\n<p>An etwa 10 Tagen mussten wir zur Stromversorgung je etwa eine Stunde motoren. Dies, weil das Wetter \u2013 was uns erstaunte \u2013 oft sehr bedeckt und auch regnerisch war und somit die Solarpanels nichts leisteten. Der Windgenerator SILENTWIND leistet ab ca. 15 Knoten scheinbarer Wind etwas, womit er also bloss bei Winden ab ca. 20 Knoten Energie produzierte (daf\u00fcr Tag und Nacht). Effektiv energiesparen mussten wir also nie \u2013 wohl auch dank dem Windpilot.<\/p>\n<p><em>Ps. In der Karibik ist der Windgenerator hingegen sehr wertvoll. Liegen wir doch stets im Passatwind uns so l\u00e4dt er kontinuierlich.<\/em><\/p>\n<p><strong>Wassermacher<\/strong><\/p>\n<p>Unser 30 Liter \u2013 Wassermacher hat anstandslos funktioniert und uns somit jeden Tag frisches Wasser produziert, welches wir direkt in 1,5 Liter Flaschen (und in den Tank) abf\u00fcllten (jeder hatte t\u00e4glich seine pers\u00f6nliche 1,5 Liter Flasche zu trinken&#8230;).\u00a0Der Stromverbrauch des Watermakers h\u00e4lt sich in Grenzen (ca. 12 A), und wir konnten ihn auch betreiben wenn der Motor nicht l\u00e4uft. Trotzdem haben wir aber nat\u00fcrlich die gesamte erforderliche S\u00fcsswassermenge als Reserve mitgef\u00fchrt (2,5 Liter pro Person x 4 Wochen).<\/p>\n<p><strong>Kommunikation<\/strong><\/p>\n<p>Unser Kurzwellenanlage (mit Pactor und isoliertem Achterstag als Antenne) hat sich bestens bew\u00e4hrt. Wir hatten besten Empfang und haben via Sailmail Wetterberichte (Wetterwelt) und private mails unserer Familien empfangen und gesendet. Jeden Abend hat uns zudem Rafael de Castillo (\u201eLa Rueda de los navegantes\u201c) eine Wetterberatung gemacht. Die Anlage wurde von J\u00f6rg Drexhagen \/ <a title=\"Yachtfunk.com\" href=\"http:\/\/www.yachtfunk.com\" target=\"_blank\" rel=\"noopener\">Yachtfunk.com<\/a> geliefert und installiert: perfekte Technologie, perfekter Service, es gibt keine bessere Firma f\u00fcr SSB Yachtfunk.com\u00a0.<\/p>\n<p><strong>Materialsch\u00e4den \/ Reparaturen<\/strong><\/p>\n<p>Wir haben etwa drei Sch\u00e4kel und ein Tau der Windsteueranlage ersetzt. Weiter ein unbedeutendes Problem der Genua \u2013 Rollanlage gel\u00f6st. Ansonsten war die TUVALU bei der Ankunft in Martinique eigentlich schon wieder startklar (nicht mal tanken w\u00e4re notwendig gewesen!).<\/p>\n<p><strong>Essen &amp; Trinken<\/strong><\/p>\n<p>Wie immer haben wir zu viel eingekauft. Wohl so ein nat\u00fcrlicher \u00dcberlebenstrieb. So essen wir noch jetzt Reis aus Spanien und trinken Milch aus Las Palmas. So haben wir auch \u2013 absichtlich &#8211; eher wenig gefischt. Der K\u00fchlschrank war einfach zu voll. Die \u00dcberfahrt war zudem Alkoholfrei \u2013 bis auf zwei Feste: der Namenstag von Imma und die Feier der geschafften halben Distanz.<\/p>\n<p><strong>Crew<\/strong><\/p>\n<p>Grosser Dank geht auch an unsere Crew; Antonio und Beat. Exzellente Segler, welchen wir stets die Schiffsf\u00fchrung anvertrauen konnten. Zu viert segeln ist anders als zu zweit, vor allem Nachts. Der Tag war durchgehend in Dreistunden \u2013 Schichten unterteilt, mit gleich bleibende Zeiten. Allerdings haben wir die lokale Borduhr kontinuierlich vorverschoben, und so die 5 Stunden Zeitverschiebung aufgefangen.<\/p>\n<p><strong>Segeln<\/strong><\/p>\n<p>2836 Meilen sind lang, 3 Wochen nonstop. Es schaukelt und schaukelt und schaukelt. Alle zwei Tage mal den Kurs leicht \u00e4ndern, ab und zu mal ein Segel ein- oder ausrollen. Sollen wir heute, oder doch lieber erst morgen halsen?<\/p>\n<p>Das Mythos Atlantik ist somit vor allem:<\/p>\n<p>a)\u00a0\u00a0\u00a0 eine richtig ausger\u00fcstete Yacht zu haben<\/p>\n<p>b)\u00a0\u00a0\u00a0 im richtigen Moment loszufahren<\/p>\n<p>c)\u00a0\u00a0\u00a0 Durchstehverm\u00f6gen zu haben<\/p>\n<div>\n<p>\u00a0<em>&gt;&gt; Bilder weiter unten!<\/em><\/p>\n<\/div>\n<p>&nbsp;<\/p>\n<p>&nbsp;<\/p>\n\n\t\t<style type=\"text\/css\">\n\t\t\t#gallery-1 {\n\t\t\t\tmargin: auto;\n\t\t\t}\n\t\t\t#gallery-1 .gallery-item {\n\t\t\t\tfloat: left;\n\t\t\t\tmargin-top: 10px;\n\t\t\t\ttext-align: center;\n\t\t\t\twidth: 12%;\n\t\t\t}\n\t\t\t#gallery-1 img {\n\t\t\t\tborder: 2px solid #cfcfcf;\n\t\t\t}\n\t\t\t#gallery-1 .gallery-caption {\n\t\t\t\tmargin-left: 0;\n\t\t\t}\n\t\t\t\/* see gallery_shortcode() in wp-includes\/media.php *\/\n\t\t<\/style>\n\t\t<div id='gallery-1' class='gallery galleryid-17104 gallery-columns-8 gallery-size-thumbnail'><dl class='gallery-item'>\n\t\t\t<dt class='gallery-icon landscape'>\n\t\t\t\t<a data-rel=\"iLightbox[postimages]\" data-title=\"OLYMPUS DIGITAL CAMERA\" data-caption=\"OLYMPUS DIGITAL CAMERA\" href='https:\/\/www.tuvalubarcelona.es\/wp-content\/uploads\/2012\/01\/PA080227-1.jpg'><img decoding=\"async\" width=\"150\" height=\"150\" src=\"https:\/\/www.tuvalubarcelona.es\/wp-content\/uploads\/2012\/01\/PA080227-1-150x150.jpg\" class=\"attachment-thumbnail size-thumbnail\" alt=\"\" aria-describedby=\"gallery-1-14970\" srcset=\"https:\/\/www.tuvalubarcelona.es\/wp-content\/uploads\/2012\/01\/PA080227-1-66x66.jpg 66w, https:\/\/www.tuvalubarcelona.es\/wp-content\/uploads\/2012\/01\/PA080227-1-150x150.jpg 150w\" sizes=\"(max-width: 150px) 100vw, 150px\" \/><\/a>\n\t\t\t<\/dt>\n\t\t\t\t<dd class='wp-caption-text gallery-caption' id='gallery-1-14970'>\n\t\t\t\tOLYMPUS DIGITAL CAMERA\n\t\t\t\t<\/dd><\/dl><dl class='gallery-item'>\n\t\t\t<dt class='gallery-icon landscape'>\n\t\t\t\t<a data-rel=\"iLightbox[postimages]\" data-title=\"OLYMPUS DIGITAL CAMERA\" data-caption=\"OLYMPUS DIGITAL CAMERA\" href='https:\/\/www.tuvalubarcelona.es\/wp-content\/uploads\/2012\/01\/PB290010-1.jpg'><img decoding=\"async\" width=\"150\" height=\"150\" src=\"https:\/\/www.tuvalubarcelona.es\/wp-content\/uploads\/2012\/01\/PB290010-1-150x150.jpg\" class=\"attachment-thumbnail size-thumbnail\" alt=\"\" aria-describedby=\"gallery-1-14971\" srcset=\"https:\/\/www.tuvalubarcelona.es\/wp-content\/uploads\/2012\/01\/PB290010-1-66x66.jpg 66w, https:\/\/www.tuvalubarcelona.es\/wp-content\/uploads\/2012\/01\/PB290010-1-150x150.jpg 150w\" sizes=\"(max-width: 150px) 100vw, 150px\" \/><\/a>\n\t\t\t<\/dt>\n\t\t\t\t<dd class='wp-caption-text gallery-caption' id='gallery-1-14971'>\n\t\t\t\tOLYMPUS DIGITAL CAMERA\n\t\t\t\t<\/dd><\/dl><dl class='gallery-item'>\n\t\t\t<dt class='gallery-icon landscape'>\n\t\t\t\t<a data-rel=\"iLightbox[postimages]\" data-title=\"OLYMPUS DIGITAL CAMERA\" data-caption=\"OLYMPUS DIGITAL CAMERA\" href='https:\/\/www.tuvalubarcelona.es\/wp-content\/uploads\/2012\/01\/PB280003-1.jpg'><img decoding=\"async\" width=\"150\" height=\"150\" src=\"https:\/\/www.tuvalubarcelona.es\/wp-content\/uploads\/2012\/01\/PB280003-1-150x150.jpg\" class=\"attachment-thumbnail size-thumbnail\" alt=\"\" aria-describedby=\"gallery-1-14972\" srcset=\"https:\/\/www.tuvalubarcelona.es\/wp-content\/uploads\/2012\/01\/PB280003-1-66x66.jpg 66w, https:\/\/www.tuvalubarcelona.es\/wp-content\/uploads\/2012\/01\/PB280003-1-150x150.jpg 150w\" sizes=\"(max-width: 150px) 100vw, 150px\" \/><\/a>\n\t\t\t<\/dt>\n\t\t\t\t<dd class='wp-caption-text gallery-caption' id='gallery-1-14972'>\n\t\t\t\tOLYMPUS DIGITAL CAMERA\n\t\t\t\t<\/dd><\/dl><dl class='gallery-item'>\n\t\t\t<dt class='gallery-icon landscape'>\n\t\t\t\t<a data-rel=\"iLightbox[postimages]\" data-title=\"P1040227\" data-caption=\"\" href='https:\/\/www.tuvalubarcelona.es\/wp-content\/uploads\/2012\/01\/P1040227-1.jpg'><img decoding=\"async\" width=\"150\" height=\"150\" src=\"https:\/\/www.tuvalubarcelona.es\/wp-content\/uploads\/2012\/01\/P1040227-1-150x150.jpg\" class=\"attachment-thumbnail size-thumbnail\" alt=\"\" srcset=\"https:\/\/www.tuvalubarcelona.es\/wp-content\/uploads\/2012\/01\/P1040227-1-66x66.jpg 66w, https:\/\/www.tuvalubarcelona.es\/wp-content\/uploads\/2012\/01\/P1040227-1-150x150.jpg 150w\" sizes=\"(max-width: 150px) 100vw, 150px\" \/><\/a>\n\t\t\t<\/dt><\/dl><dl class='gallery-item'>\n\t\t\t<dt class='gallery-icon landscape'>\n\t\t\t\t<a data-rel=\"iLightbox[postimages]\" data-title=\"P1040229\" data-caption=\"\" href='https:\/\/www.tuvalubarcelona.es\/wp-content\/uploads\/2012\/01\/P1040229-1.jpg'><img decoding=\"async\" width=\"150\" height=\"150\" src=\"https:\/\/www.tuvalubarcelona.es\/wp-content\/uploads\/2012\/01\/P1040229-1-150x150.jpg\" class=\"attachment-thumbnail size-thumbnail\" alt=\"\" srcset=\"https:\/\/www.tuvalubarcelona.es\/wp-content\/uploads\/2012\/01\/P1040229-1-66x66.jpg 66w, https:\/\/www.tuvalubarcelona.es\/wp-content\/uploads\/2012\/01\/P1040229-1-150x150.jpg 150w\" sizes=\"(max-width: 150px) 100vw, 150px\" \/><\/a>\n\t\t\t<\/dt><\/dl><dl class='gallery-item'>\n\t\t\t<dt class='gallery-icon landscape'>\n\t\t\t\t<a data-rel=\"iLightbox[postimages]\" data-title=\"P1040237\" data-caption=\"\" href='https:\/\/www.tuvalubarcelona.es\/wp-content\/uploads\/2012\/01\/P1040237-1.jpg'><img decoding=\"async\" width=\"150\" height=\"150\" src=\"https:\/\/www.tuvalubarcelona.es\/wp-content\/uploads\/2012\/01\/P1040237-1-150x150.jpg\" class=\"attachment-thumbnail size-thumbnail\" alt=\"\" srcset=\"https:\/\/www.tuvalubarcelona.es\/wp-content\/uploads\/2012\/01\/P1040237-1-66x66.jpg 66w, https:\/\/www.tuvalubarcelona.es\/wp-content\/uploads\/2012\/01\/P1040237-1-150x150.jpg 150w\" sizes=\"(max-width: 150px) 100vw, 150px\" \/><\/a>\n\t\t\t<\/dt><\/dl><dl class='gallery-item'>\n\t\t\t<dt class='gallery-icon portrait'>\n\t\t\t\t<a data-rel=\"iLightbox[postimages]\" data-title=\"P1040266\" data-caption=\"\" href='https:\/\/www.tuvalubarcelona.es\/wp-content\/uploads\/2012\/01\/P1040266-1.jpg'><img decoding=\"async\" width=\"150\" height=\"150\" src=\"https:\/\/www.tuvalubarcelona.es\/wp-content\/uploads\/2012\/01\/P1040266-1-150x150.jpg\" class=\"attachment-thumbnail size-thumbnail\" alt=\"\" srcset=\"https:\/\/www.tuvalubarcelona.es\/wp-content\/uploads\/2012\/01\/P1040266-1-66x66.jpg 66w, https:\/\/www.tuvalubarcelona.es\/wp-content\/uploads\/2012\/01\/P1040266-1-150x150.jpg 150w\" sizes=\"(max-width: 150px) 100vw, 150px\" \/><\/a>\n\t\t\t<\/dt><\/dl><dl class='gallery-item'>\n\t\t\t<dt class='gallery-icon landscape'>\n\t\t\t\t<a data-rel=\"iLightbox[postimages]\" data-title=\"P1040270\" data-caption=\"\" href='https:\/\/www.tuvalubarcelona.es\/wp-content\/uploads\/2012\/01\/P1040270-1.jpg'><img decoding=\"async\" width=\"150\" height=\"150\" src=\"https:\/\/www.tuvalubarcelona.es\/wp-content\/uploads\/2012\/01\/P1040270-1-150x150.jpg\" class=\"attachment-thumbnail size-thumbnail\" alt=\"\" srcset=\"https:\/\/www.tuvalubarcelona.es\/wp-content\/uploads\/2012\/01\/P1040270-1-66x66.jpg 66w, https:\/\/www.tuvalubarcelona.es\/wp-content\/uploads\/2012\/01\/P1040270-1-150x150.jpg 150w\" sizes=\"(max-width: 150px) 100vw, 150px\" \/><\/a>\n\t\t\t<\/dt><\/dl><br style=\"clear: both\" \/><dl class='gallery-item'>\n\t\t\t<dt class='gallery-icon landscape'>\n\t\t\t\t<a data-rel=\"iLightbox[postimages]\" data-title=\"P1040301\" data-caption=\"\" href='https:\/\/www.tuvalubarcelona.es\/wp-content\/uploads\/2012\/01\/P1040301-1.jpg'><img decoding=\"async\" width=\"150\" height=\"150\" src=\"https:\/\/www.tuvalubarcelona.es\/wp-content\/uploads\/2012\/01\/P1040301-1-150x150.jpg\" class=\"attachment-thumbnail size-thumbnail\" alt=\"\" srcset=\"https:\/\/www.tuvalubarcelona.es\/wp-content\/uploads\/2012\/01\/P1040301-1-66x66.jpg 66w, https:\/\/www.tuvalubarcelona.es\/wp-content\/uploads\/2012\/01\/P1040301-1-150x150.jpg 150w\" sizes=\"(max-width: 150px) 100vw, 150px\" \/><\/a>\n\t\t\t<\/dt><\/dl><dl class='gallery-item'>\n\t\t\t<dt class='gallery-icon landscape'>\n\t\t\t\t<a data-rel=\"iLightbox[postimages]\" data-title=\"P1040316\" data-caption=\"\" href='https:\/\/www.tuvalubarcelona.es\/wp-content\/uploads\/2012\/01\/P1040316-1.jpg'><img decoding=\"async\" width=\"150\" height=\"150\" src=\"https:\/\/www.tuvalubarcelona.es\/wp-content\/uploads\/2012\/01\/P1040316-1-150x150.jpg\" class=\"attachment-thumbnail size-thumbnail\" alt=\"\" srcset=\"https:\/\/www.tuvalubarcelona.es\/wp-content\/uploads\/2012\/01\/P1040316-1-66x66.jpg 66w, https:\/\/www.tuvalubarcelona.es\/wp-content\/uploads\/2012\/01\/P1040316-1-150x150.jpg 150w\" sizes=\"(max-width: 150px) 100vw, 150px\" \/><\/a>\n\t\t\t<\/dt><\/dl>\n\t\t\t<br style='clear: both' \/>\n\t\t<\/div>\n\n<p>&nbsp;<\/p>\n<p>see also\u00a0<a title=\"YOUTUBE\" href=\"http:\/\/www.youtube.com\/watch?v=utgPB_kXeaY&amp;list=UU9942rtqhpECxG4DZ6DeGNA&amp;index=1&amp;feature=plcp\" target=\"_blank\" rel=\"noopener\">YouTube<\/a>\u00a0!<\/p>\n<p>&nbsp;<\/p>\n","protected":false},"excerpt":{"rendered":"<p>Eine kurze Zusammenfassung unserer Atlantik \u2013 \u00dcberquerung. Mehr technischer Art, gedacht f\u00fcr die Segler unter Euch\u2026.. (oder auch nicht!). Daten: Start Las Palmas: Montag, 05\/12\/11 Ankunft Martinique: Montag, 25\/12\/11 Dauer: 497 h (= 20 Tage  &#8230;<\/p>\n","protected":false},"author":3,"featured_media":14969,"comment_status":"open","ping_status":"open","sticky":false,"template":"","format":"standard","meta":{"footnotes":""},"categories":[397,174],"tags":[],"class_list":["post-17104","post","type-post","status-publish","format-standard","has-post-thumbnail","hentry","category-atlantic-crossing-5","category-atlantic-crossing"],"yoast_head":"<!-- This site is optimized with the Yoast SEO plugin v25.8 - https:\/\/yoast.com\/wordpress\/plugins\/seo\/ -->\r\n<title>Atlantik \u2013 \u00dcberquerung - TUVALU<\/title>\r\n<meta name=\"robots\" content=\"index, follow, max-snippet:-1, max-image-preview:large, max-video-preview:-1\" \/>\r\n<link rel=\"canonical\" href=\"https:\/\/www.tuvalubarcelona.es\/resume-atlantico\/\" \/>\r\n<meta property=\"og:locale\" content=\"de_DE\" \/>\r\n<meta property=\"og:type\" content=\"article\" \/>\r\n<meta property=\"og:title\" content=\"Atlantik \u2013 \u00dcberquerung - TUVALU\" \/>\r\n<meta property=\"og:description\" content=\"Eine kurze Zusammenfassung unserer Atlantik \u2013 \u00dcberquerung. Mehr technischer Art, gedacht f\u00fcr die Segler unter Euch\u2026.. (oder auch nicht!). Daten: Start Las Palmas: Montag, 05\/12\/11 Ankunft Martinique: Montag, 25\/12\/11 Dauer: 497 h (= 20 Tage ...\" \/>\r\n<meta property=\"og:url\" content=\"https:\/\/www.tuvalubarcelona.es\/resume-atlantico\/\" \/>\r\n<meta property=\"og:site_name\" content=\"TUVALU\" \/>\r\n<meta property=\"article:publisher\" content=\"https:\/\/www.facebook.com\/tuvalu.barcelona\" \/>\r\n<meta property=\"article:published_time\" content=\"2012-01-11T01:12:06+00:00\" \/>\r\n<meta property=\"og:image\" content=\"https:\/\/www.tuvalubarcelona.es\/wp-content\/uploads\/2012\/01\/P1040301-1.jpg\" \/>\r\n\t<meta property=\"og:image:width\" content=\"640\" \/>\r\n\t<meta property=\"og:image:height\" content=\"480\" \/>\r\n\t<meta property=\"og:image:type\" content=\"image\/jpeg\" \/>\r\n<meta name=\"author\" content=\"Hans\" \/>\r\n<meta name=\"twitter:card\" content=\"summary_large_image\" \/>\r\n<meta name=\"twitter:creator\" content=\"@tuvalubarcelona\" \/>\r\n<meta name=\"twitter:site\" content=\"@tuvalubarcelona\" \/>\r\n<meta name=\"twitter:label1\" content=\"Verfasst von\" \/>\n\t<meta name=\"twitter:data1\" content=\"Hans\" \/>\n\t<meta name=\"twitter:label2\" content=\"Gesch\u00e4tzte Lesezeit\" \/>\n\t<meta name=\"twitter:data2\" content=\"4\u00a0Minuten\" \/>\r\n<script type=\"application\/ld+json\" class=\"yoast-schema-graph\">{\"@context\":\"https:\/\/schema.org\",\"@graph\":[{\"@type\":\"WebPage\",\"@id\":\"https:\/\/www.tuvalubarcelona.es\/resume-atlantico\/\",\"url\":\"https:\/\/www.tuvalubarcelona.es\/resume-atlantico\/\",\"name\":\"Atlantik \u2013 \u00dcberquerung - TUVALU\",\"isPartOf\":{\"@id\":\"https:\/\/www.tuvalubarcelona.es\/#website\"},\"primaryImageOfPage\":{\"@id\":\"https:\/\/www.tuvalubarcelona.es\/resume-atlantico\/#primaryimage\"},\"image\":{\"@id\":\"https:\/\/www.tuvalubarcelona.es\/resume-atlantico\/#primaryimage\"},\"thumbnailUrl\":\"https:\/\/www.tuvalubarcelona.es\/wp-content\/uploads\/2012\/01\/P1040301-1.jpg\",\"datePublished\":\"2012-01-11T01:12:06+00:00\",\"author\":{\"@id\":\"https:\/\/www.tuvalubarcelona.es\/#\/schema\/person\/13a188b887ca020aad38d4351a51442c\"},\"breadcrumb\":{\"@id\":\"https:\/\/www.tuvalubarcelona.es\/resume-atlantico\/#breadcrumb\"},\"inLanguage\":\"de\",\"potentialAction\":[{\"@type\":\"ReadAction\",\"target\":[\"https:\/\/www.tuvalubarcelona.es\/resume-atlantico\/\"]}]},{\"@type\":\"ImageObject\",\"inLanguage\":\"de\",\"@id\":\"https:\/\/www.tuvalubarcelona.es\/resume-atlantico\/#primaryimage\",\"url\":\"https:\/\/www.tuvalubarcelona.es\/wp-content\/uploads\/2012\/01\/P1040301-1.jpg\",\"contentUrl\":\"https:\/\/www.tuvalubarcelona.es\/wp-content\/uploads\/2012\/01\/P1040301-1.jpg\",\"width\":640,\"height\":480},{\"@type\":\"BreadcrumbList\",\"@id\":\"https:\/\/www.tuvalubarcelona.es\/resume-atlantico\/#breadcrumb\",\"itemListElement\":[{\"@type\":\"ListItem\",\"position\":1,\"name\":\"Portada\",\"item\":\"https:\/\/www.tuvalubarcelona.es\/de\/\"},{\"@type\":\"ListItem\",\"position\":2,\"name\":\"Atlantik \u2013 \u00dcberquerung\"}]},{\"@type\":\"WebSite\",\"@id\":\"https:\/\/www.tuvalubarcelona.es\/#website\",\"url\":\"https:\/\/www.tuvalubarcelona.es\/\",\"name\":\"TUVALU\",\"description\":\"Sailing Yacht Barcelona\",\"potentialAction\":[{\"@type\":\"SearchAction\",\"target\":{\"@type\":\"EntryPoint\",\"urlTemplate\":\"https:\/\/www.tuvalubarcelona.es\/?s={search_term_string}\"},\"query-input\":{\"@type\":\"PropertyValueSpecification\",\"valueRequired\":true,\"valueName\":\"search_term_string\"}}],\"inLanguage\":\"de\"},{\"@type\":\"Person\",\"@id\":\"https:\/\/www.tuvalubarcelona.es\/#\/schema\/person\/13a188b887ca020aad38d4351a51442c\",\"name\":\"Hans\",\"image\":{\"@type\":\"ImageObject\",\"inLanguage\":\"de\",\"@id\":\"https:\/\/www.tuvalubarcelona.es\/#\/schema\/person\/image\/\",\"url\":\"https:\/\/secure.gravatar.com\/avatar\/116b707a265ad9ebd7c418fd3d340b7648e2d97dfabde7ab60d136f7fcfb0026?s=96&r=g\",\"contentUrl\":\"https:\/\/secure.gravatar.com\/avatar\/116b707a265ad9ebd7c418fd3d340b7648e2d97dfabde7ab60d136f7fcfb0026?s=96&r=g\",\"caption\":\"Hans\"}}]}<\/script>\r\n<!-- \/ Yoast SEO plugin. -->","yoast_head_json":{"title":"Atlantik \u2013 \u00dcberquerung - TUVALU","robots":{"index":"index","follow":"follow","max-snippet":"max-snippet:-1","max-image-preview":"max-image-preview:large","max-video-preview":"max-video-preview:-1"},"canonical":"https:\/\/www.tuvalubarcelona.es\/resume-atlantico\/","og_locale":"de_DE","og_type":"article","og_title":"Atlantik \u2013 \u00dcberquerung - TUVALU","og_description":"Eine kurze Zusammenfassung unserer Atlantik \u2013 \u00dcberquerung. Mehr technischer Art, gedacht f\u00fcr die Segler unter Euch\u2026.. (oder auch nicht!). Daten: Start Las Palmas: Montag, 05\/12\/11 Ankunft Martinique: Montag, 25\/12\/11 Dauer: 497 h (= 20 Tage ...","og_url":"https:\/\/www.tuvalubarcelona.es\/resume-atlantico\/","og_site_name":"TUVALU","article_publisher":"https:\/\/www.facebook.com\/tuvalu.barcelona","article_published_time":"2012-01-11T01:12:06+00:00","og_image":[{"width":640,"height":480,"url":"https:\/\/www.tuvalubarcelona.es\/wp-content\/uploads\/2012\/01\/P1040301-1.jpg","type":"image\/jpeg"}],"author":"Hans","twitter_card":"summary_large_image","twitter_creator":"@tuvalubarcelona","twitter_site":"@tuvalubarcelona","twitter_misc":{"Verfasst von":"Hans","Gesch\u00e4tzte Lesezeit":"4\u00a0Minuten"},"schema":{"@context":"https:\/\/schema.org","@graph":[{"@type":"WebPage","@id":"https:\/\/www.tuvalubarcelona.es\/resume-atlantico\/","url":"https:\/\/www.tuvalubarcelona.es\/resume-atlantico\/","name":"Atlantik \u2013 \u00dcberquerung - TUVALU","isPartOf":{"@id":"https:\/\/www.tuvalubarcelona.es\/#website"},"primaryImageOfPage":{"@id":"https:\/\/www.tuvalubarcelona.es\/resume-atlantico\/#primaryimage"},"image":{"@id":"https:\/\/www.tuvalubarcelona.es\/resume-atlantico\/#primaryimage"},"thumbnailUrl":"https:\/\/www.tuvalubarcelona.es\/wp-content\/uploads\/2012\/01\/P1040301-1.jpg","datePublished":"2012-01-11T01:12:06+00:00","author":{"@id":"https:\/\/www.tuvalubarcelona.es\/#\/schema\/person\/13a188b887ca020aad38d4351a51442c"},"breadcrumb":{"@id":"https:\/\/www.tuvalubarcelona.es\/resume-atlantico\/#breadcrumb"},"inLanguage":"de","potentialAction":[{"@type":"ReadAction","target":["https:\/\/www.tuvalubarcelona.es\/resume-atlantico\/"]}]},{"@type":"ImageObject","inLanguage":"de","@id":"https:\/\/www.tuvalubarcelona.es\/resume-atlantico\/#primaryimage","url":"https:\/\/www.tuvalubarcelona.es\/wp-content\/uploads\/2012\/01\/P1040301-1.jpg","contentUrl":"https:\/\/www.tuvalubarcelona.es\/wp-content\/uploads\/2012\/01\/P1040301-1.jpg","width":640,"height":480},{"@type":"BreadcrumbList","@id":"https:\/\/www.tuvalubarcelona.es\/resume-atlantico\/#breadcrumb","itemListElement":[{"@type":"ListItem","position":1,"name":"Portada","item":"https:\/\/www.tuvalubarcelona.es\/de\/"},{"@type":"ListItem","position":2,"name":"Atlantik \u2013 \u00dcberquerung"}]},{"@type":"WebSite","@id":"https:\/\/www.tuvalubarcelona.es\/#website","url":"https:\/\/www.tuvalubarcelona.es\/","name":"TUVALU","description":"Sailing Yacht Barcelona","potentialAction":[{"@type":"SearchAction","target":{"@type":"EntryPoint","urlTemplate":"https:\/\/www.tuvalubarcelona.es\/?s={search_term_string}"},"query-input":{"@type":"PropertyValueSpecification","valueRequired":true,"valueName":"search_term_string"}}],"inLanguage":"de"},{"@type":"Person","@id":"https:\/\/www.tuvalubarcelona.es\/#\/schema\/person\/13a188b887ca020aad38d4351a51442c","name":"Hans","image":{"@type":"ImageObject","inLanguage":"de","@id":"https:\/\/www.tuvalubarcelona.es\/#\/schema\/person\/image\/","url":"https:\/\/secure.gravatar.com\/avatar\/116b707a265ad9ebd7c418fd3d340b7648e2d97dfabde7ab60d136f7fcfb0026?s=96&r=g","contentUrl":"https:\/\/secure.gravatar.com\/avatar\/116b707a265ad9ebd7c418fd3d340b7648e2d97dfabde7ab60d136f7fcfb0026?s=96&r=g","caption":"Hans"}}]}},"_links":{"self":[{"href":"https:\/\/www.tuvalubarcelona.es\/de\/wp-json\/wp\/v2\/posts\/17104","targetHints":{"allow":["GET"]}}],"collection":[{"href":"https:\/\/www.tuvalubarcelona.es\/de\/wp-json\/wp\/v2\/posts"}],"about":[{"href":"https:\/\/www.tuvalubarcelona.es\/de\/wp-json\/wp\/v2\/types\/post"}],"author":[{"embeddable":true,"href":"https:\/\/www.tuvalubarcelona.es\/de\/wp-json\/wp\/v2\/users\/3"}],"replies":[{"embeddable":true,"href":"https:\/\/www.tuvalubarcelona.es\/de\/wp-json\/wp\/v2\/comments?post=17104"}],"version-history":[{"count":0,"href":"https:\/\/www.tuvalubarcelona.es\/de\/wp-json\/wp\/v2\/posts\/17104\/revisions"}],"wp:featuredmedia":[{"embeddable":true,"href":"https:\/\/www.tuvalubarcelona.es\/de\/wp-json\/wp\/v2\/media\/14969"}],"wp:attachment":[{"href":"https:\/\/www.tuvalubarcelona.es\/de\/wp-json\/wp\/v2\/media?parent=17104"}],"wp:term":[{"taxonomy":"category","embeddable":true,"href":"https:\/\/www.tuvalubarcelona.es\/de\/wp-json\/wp\/v2\/categories?post=17104"},{"taxonomy":"post_tag","embeddable":true,"href":"https:\/\/www.tuvalubarcelona.es\/de\/wp-json\/wp\/v2\/tags?post=17104"}],"curies":[{"name":"wp","href":"https:\/\/api.w.org\/{rel}","templated":true}]}}