{"id":17082,"date":"2011-12-21T14:23:00","date_gmt":"2011-12-21T14:23:00","guid":{"rendered":"https:\/\/www.tuvalubarcelona.es\/trasatlantico-tag-16-vegi\/"},"modified":"2011-12-21T14:23:00","modified_gmt":"2011-12-21T14:23:00","slug":"trasatlantico-tag-16-vegi","status":"publish","type":"post","link":"https:\/\/www.tuvalubarcelona.es\/de\/trasatlantico-tag-16-vegi\/","title":{"rendered":"Trasatl\u00e1ntico Tag 16 &#8211; Vegi"},"content":{"rendered":"<p>Es begann mit einem leichten Schleifen an der Bordwand, kaum h\u00f6rbar. Eher vielleicht ein Knistern. Die Bewegungen des Schiffes verlangsamt sich. Es raspelt nun, und quietscht eindringlich. Das Schaukeln ist nun ganz verschwunden. Pl\u00f6tzlich ist auch kein Ger\u00e4usch mehr von der Bordwand zu h\u00f6ren. Wir stehen still. Erschreckt schiesse ich aus der Kaj\u00fcte und springe an Deck. Wir sind in einem dichten, meterhohen, sich bis an den Horizont erstreckenden gr\u00fcn \u2013 gelblichen Teppich eingeschlossen. Wie Packeis, aber als Vegi \/ Bio \u2013 Variante. Schweissgebadet erwache ich aus meinem Albtraum.<\/p>\n<p>Ganz so extrem ist es in Realit\u00e4t nicht. Aber Sargazos \u2013 Algen begleiten, und st\u00f6ren uns wirklich seit ein paar Tagen. Kleinere schwimmende gr\u00fcne Teppiche, mit gelblichen Knollen. Wir fischen eine: stinkt nach Fisch und soll f\u00fcr irgendwelche Medizin gebraucht werden. Kein Wunder bei dem Gestank. Unser Problem ist aber ein anderes. Die Dinger wickeln sich n\u00e4mlich mit Vorliebe um das Ruderblatt des Windpiloten. Und dann fahren wir irgendwo ins Kraut hinaus. Wahrscheinlich ist auch der Saildrive und der Kiel davon eingepackt. Vermuten wir. So fahren wir alle 12 Stunden eine 360\u00b0 &#8211; Pirouette und hoffen dass sich das Kraut verzieht. Um sicher zu sein sollte jemand mal runtertauchen. Aber es gibt ja Haie im Atlantik. Und die sind, was wir wissen, noch nicht auf den Vegi \/ Bio \u2013 Trend aufgesprungen.<\/p>\n<p>&nbsp;<\/p>\n","protected":false},"excerpt":{"rendered":"<p>Es begann mit einem leichten Schleifen an der Bordwand, kaum h\u00f6rbar. Eher vielleicht ein Knistern. Die Bewegungen des Schiffes verlangsamt sich. Es raspelt nun, und quietscht eindringlich. Das Schaukeln ist nun ganz verschwunden. Pl\u00f6tzlich ist  &#8230;<\/p>\n","protected":false},"author":3,"featured_media":12122,"comment_status":"open","ping_status":"open","sticky":false,"template":"","format":"standard","meta":{"footnotes":""},"categories":[397,174],"tags":[],"class_list":["post-17082","post","type-post","status-publish","format-standard","has-post-thumbnail","hentry","category-atlantic-crossing-5","category-atlantic-crossing"],"yoast_head":"<!-- This site is optimized with the Yoast SEO plugin v25.8 - https:\/\/yoast.com\/wordpress\/plugins\/seo\/ -->\r\n<title>Trasatl\u00e1ntico Tag 16 - Vegi - TUVALU<\/title>\r\n<meta name=\"robots\" content=\"index, follow, max-snippet:-1, max-image-preview:large, max-video-preview:-1\" \/>\r\n<link rel=\"canonical\" href=\"https:\/\/www.tuvalubarcelona.es\/trasatlantico-day-16\/\" \/>\r\n<meta property=\"og:locale\" content=\"de_DE\" \/>\r\n<meta property=\"og:type\" content=\"article\" \/>\r\n<meta property=\"og:title\" content=\"Trasatl\u00e1ntico Tag 16 - Vegi - TUVALU\" \/>\r\n<meta property=\"og:description\" content=\"Es begann mit einem leichten Schleifen an der Bordwand, kaum h\u00f6rbar. Eher vielleicht ein Knistern. Die Bewegungen des Schiffes verlangsamt sich. Es raspelt nun, und quietscht eindringlich. Das Schaukeln ist nun ganz verschwunden. Pl\u00f6tzlich ist ...\" \/>\r\n<meta property=\"og:url\" content=\"https:\/\/www.tuvalubarcelona.es\/trasatlantico-day-16\/\" \/>\r\n<meta property=\"og:site_name\" content=\"TUVALU\" \/>\r\n<meta property=\"article:publisher\" content=\"https:\/\/www.facebook.com\/tuvalu.barcelona\" \/>\r\n<meta property=\"article:published_time\" content=\"2011-12-21T14:23:00+00:00\" \/>\r\n<meta property=\"og:image\" content=\"https:\/\/www.tuvalubarcelona.es\/wp-content\/uploads\/2012\/04\/P1060522.jpg\" \/>\r\n\t<meta property=\"og:image:width\" content=\"640\" \/>\r\n\t<meta property=\"og:image:height\" content=\"480\" \/>\r\n\t<meta property=\"og:image:type\" content=\"image\/jpeg\" \/>\r\n<meta name=\"author\" content=\"Hans\" \/>\r\n<meta name=\"twitter:card\" content=\"summary_large_image\" \/>\r\n<meta name=\"twitter:creator\" content=\"@tuvalubarcelona\" \/>\r\n<meta name=\"twitter:site\" content=\"@tuvalubarcelona\" \/>\r\n<meta name=\"twitter:label1\" content=\"Verfasst von\" \/>\n\t<meta name=\"twitter:data1\" content=\"Hans\" \/>\n\t<meta name=\"twitter:label2\" content=\"Gesch\u00e4tzte Lesezeit\" \/>\n\t<meta name=\"twitter:data2\" content=\"1\u00a0Minute\" \/>\r\n<script type=\"application\/ld+json\" class=\"yoast-schema-graph\">{\"@context\":\"https:\/\/schema.org\",\"@graph\":[{\"@type\":\"WebPage\",\"@id\":\"https:\/\/www.tuvalubarcelona.es\/trasatlantico-day-16\/\",\"url\":\"https:\/\/www.tuvalubarcelona.es\/trasatlantico-day-16\/\",\"name\":\"Trasatl\u00e1ntico Tag 16 - Vegi - TUVALU\",\"isPartOf\":{\"@id\":\"https:\/\/www.tuvalubarcelona.es\/#website\"},\"primaryImageOfPage\":{\"@id\":\"https:\/\/www.tuvalubarcelona.es\/trasatlantico-day-16\/#primaryimage\"},\"image\":{\"@id\":\"https:\/\/www.tuvalubarcelona.es\/trasatlantico-day-16\/#primaryimage\"},\"thumbnailUrl\":\"https:\/\/www.tuvalubarcelona.es\/wp-content\/uploads\/2012\/04\/P1060522.jpg\",\"datePublished\":\"2011-12-21T14:23:00+00:00\",\"author\":{\"@id\":\"https:\/\/www.tuvalubarcelona.es\/#\/schema\/person\/13a188b887ca020aad38d4351a51442c\"},\"breadcrumb\":{\"@id\":\"https:\/\/www.tuvalubarcelona.es\/trasatlantico-day-16\/#breadcrumb\"},\"inLanguage\":\"de\",\"potentialAction\":[{\"@type\":\"ReadAction\",\"target\":[\"https:\/\/www.tuvalubarcelona.es\/trasatlantico-day-16\/\"]}]},{\"@type\":\"ImageObject\",\"inLanguage\":\"de\",\"@id\":\"https:\/\/www.tuvalubarcelona.es\/trasatlantico-day-16\/#primaryimage\",\"url\":\"https:\/\/www.tuvalubarcelona.es\/wp-content\/uploads\/2012\/04\/P1060522.jpg\",\"contentUrl\":\"https:\/\/www.tuvalubarcelona.es\/wp-content\/uploads\/2012\/04\/P1060522.jpg\",\"width\":640,\"height\":480},{\"@type\":\"BreadcrumbList\",\"@id\":\"https:\/\/www.tuvalubarcelona.es\/trasatlantico-day-16\/#breadcrumb\",\"itemListElement\":[{\"@type\":\"ListItem\",\"position\":1,\"name\":\"Portada\",\"item\":\"https:\/\/www.tuvalubarcelona.es\/de\/\"},{\"@type\":\"ListItem\",\"position\":2,\"name\":\"Trasatl\u00e1ntico Tag 16 &#8211; Vegi\"}]},{\"@type\":\"WebSite\",\"@id\":\"https:\/\/www.tuvalubarcelona.es\/#website\",\"url\":\"https:\/\/www.tuvalubarcelona.es\/\",\"name\":\"TUVALU\",\"description\":\"Sailing Yacht Barcelona\",\"potentialAction\":[{\"@type\":\"SearchAction\",\"target\":{\"@type\":\"EntryPoint\",\"urlTemplate\":\"https:\/\/www.tuvalubarcelona.es\/?s={search_term_string}\"},\"query-input\":{\"@type\":\"PropertyValueSpecification\",\"valueRequired\":true,\"valueName\":\"search_term_string\"}}],\"inLanguage\":\"de\"},{\"@type\":\"Person\",\"@id\":\"https:\/\/www.tuvalubarcelona.es\/#\/schema\/person\/13a188b887ca020aad38d4351a51442c\",\"name\":\"Hans\",\"image\":{\"@type\":\"ImageObject\",\"inLanguage\":\"de\",\"@id\":\"https:\/\/www.tuvalubarcelona.es\/#\/schema\/person\/image\/\",\"url\":\"https:\/\/secure.gravatar.com\/avatar\/116b707a265ad9ebd7c418fd3d340b7648e2d97dfabde7ab60d136f7fcfb0026?s=96&r=g\",\"contentUrl\":\"https:\/\/secure.gravatar.com\/avatar\/116b707a265ad9ebd7c418fd3d340b7648e2d97dfabde7ab60d136f7fcfb0026?s=96&r=g\",\"caption\":\"Hans\"}}]}<\/script>\r\n<!-- \/ Yoast SEO plugin. -->","yoast_head_json":{"title":"Trasatl\u00e1ntico Tag 16 - Vegi - TUVALU","robots":{"index":"index","follow":"follow","max-snippet":"max-snippet:-1","max-image-preview":"max-image-preview:large","max-video-preview":"max-video-preview:-1"},"canonical":"https:\/\/www.tuvalubarcelona.es\/trasatlantico-day-16\/","og_locale":"de_DE","og_type":"article","og_title":"Trasatl\u00e1ntico Tag 16 - Vegi - TUVALU","og_description":"Es begann mit einem leichten Schleifen an der Bordwand, kaum h\u00f6rbar. Eher vielleicht ein Knistern. Die Bewegungen des Schiffes verlangsamt sich. Es raspelt nun, und quietscht eindringlich. Das Schaukeln ist nun ganz verschwunden. Pl\u00f6tzlich ist ...","og_url":"https:\/\/www.tuvalubarcelona.es\/trasatlantico-day-16\/","og_site_name":"TUVALU","article_publisher":"https:\/\/www.facebook.com\/tuvalu.barcelona","article_published_time":"2011-12-21T14:23:00+00:00","og_image":[{"width":640,"height":480,"url":"https:\/\/www.tuvalubarcelona.es\/wp-content\/uploads\/2012\/04\/P1060522.jpg","type":"image\/jpeg"}],"author":"Hans","twitter_card":"summary_large_image","twitter_creator":"@tuvalubarcelona","twitter_site":"@tuvalubarcelona","twitter_misc":{"Verfasst von":"Hans","Gesch\u00e4tzte Lesezeit":"1\u00a0Minute"},"schema":{"@context":"https:\/\/schema.org","@graph":[{"@type":"WebPage","@id":"https:\/\/www.tuvalubarcelona.es\/trasatlantico-day-16\/","url":"https:\/\/www.tuvalubarcelona.es\/trasatlantico-day-16\/","name":"Trasatl\u00e1ntico Tag 16 - Vegi - TUVALU","isPartOf":{"@id":"https:\/\/www.tuvalubarcelona.es\/#website"},"primaryImageOfPage":{"@id":"https:\/\/www.tuvalubarcelona.es\/trasatlantico-day-16\/#primaryimage"},"image":{"@id":"https:\/\/www.tuvalubarcelona.es\/trasatlantico-day-16\/#primaryimage"},"thumbnailUrl":"https:\/\/www.tuvalubarcelona.es\/wp-content\/uploads\/2012\/04\/P1060522.jpg","datePublished":"2011-12-21T14:23:00+00:00","author":{"@id":"https:\/\/www.tuvalubarcelona.es\/#\/schema\/person\/13a188b887ca020aad38d4351a51442c"},"breadcrumb":{"@id":"https:\/\/www.tuvalubarcelona.es\/trasatlantico-day-16\/#breadcrumb"},"inLanguage":"de","potentialAction":[{"@type":"ReadAction","target":["https:\/\/www.tuvalubarcelona.es\/trasatlantico-day-16\/"]}]},{"@type":"ImageObject","inLanguage":"de","@id":"https:\/\/www.tuvalubarcelona.es\/trasatlantico-day-16\/#primaryimage","url":"https:\/\/www.tuvalubarcelona.es\/wp-content\/uploads\/2012\/04\/P1060522.jpg","contentUrl":"https:\/\/www.tuvalubarcelona.es\/wp-content\/uploads\/2012\/04\/P1060522.jpg","width":640,"height":480},{"@type":"BreadcrumbList","@id":"https:\/\/www.tuvalubarcelona.es\/trasatlantico-day-16\/#breadcrumb","itemListElement":[{"@type":"ListItem","position":1,"name":"Portada","item":"https:\/\/www.tuvalubarcelona.es\/de\/"},{"@type":"ListItem","position":2,"name":"Trasatl\u00e1ntico Tag 16 &#8211; Vegi"}]},{"@type":"WebSite","@id":"https:\/\/www.tuvalubarcelona.es\/#website","url":"https:\/\/www.tuvalubarcelona.es\/","name":"TUVALU","description":"Sailing Yacht Barcelona","potentialAction":[{"@type":"SearchAction","target":{"@type":"EntryPoint","urlTemplate":"https:\/\/www.tuvalubarcelona.es\/?s={search_term_string}"},"query-input":{"@type":"PropertyValueSpecification","valueRequired":true,"valueName":"search_term_string"}}],"inLanguage":"de"},{"@type":"Person","@id":"https:\/\/www.tuvalubarcelona.es\/#\/schema\/person\/13a188b887ca020aad38d4351a51442c","name":"Hans","image":{"@type":"ImageObject","inLanguage":"de","@id":"https:\/\/www.tuvalubarcelona.es\/#\/schema\/person\/image\/","url":"https:\/\/secure.gravatar.com\/avatar\/116b707a265ad9ebd7c418fd3d340b7648e2d97dfabde7ab60d136f7fcfb0026?s=96&r=g","contentUrl":"https:\/\/secure.gravatar.com\/avatar\/116b707a265ad9ebd7c418fd3d340b7648e2d97dfabde7ab60d136f7fcfb0026?s=96&r=g","caption":"Hans"}}]}},"_links":{"self":[{"href":"https:\/\/www.tuvalubarcelona.es\/de\/wp-json\/wp\/v2\/posts\/17082","targetHints":{"allow":["GET"]}}],"collection":[{"href":"https:\/\/www.tuvalubarcelona.es\/de\/wp-json\/wp\/v2\/posts"}],"about":[{"href":"https:\/\/www.tuvalubarcelona.es\/de\/wp-json\/wp\/v2\/types\/post"}],"author":[{"embeddable":true,"href":"https:\/\/www.tuvalubarcelona.es\/de\/wp-json\/wp\/v2\/users\/3"}],"replies":[{"embeddable":true,"href":"https:\/\/www.tuvalubarcelona.es\/de\/wp-json\/wp\/v2\/comments?post=17082"}],"version-history":[{"count":0,"href":"https:\/\/www.tuvalubarcelona.es\/de\/wp-json\/wp\/v2\/posts\/17082\/revisions"}],"wp:featuredmedia":[{"embeddable":true,"href":"https:\/\/www.tuvalubarcelona.es\/de\/wp-json\/wp\/v2\/media\/12122"}],"wp:attachment":[{"href":"https:\/\/www.tuvalubarcelona.es\/de\/wp-json\/wp\/v2\/media?parent=17082"}],"wp:term":[{"taxonomy":"category","embeddable":true,"href":"https:\/\/www.tuvalubarcelona.es\/de\/wp-json\/wp\/v2\/categories?post=17082"},{"taxonomy":"post_tag","embeddable":true,"href":"https:\/\/www.tuvalubarcelona.es\/de\/wp-json\/wp\/v2\/tags?post=17082"}],"curies":[{"name":"wp","href":"https:\/\/api.w.org\/{rel}","templated":true}]}}