{"id":17074,"date":"2011-12-17T01:15:00","date_gmt":"2011-12-17T01:15:00","guid":{"rendered":"https:\/\/www.tuvalubarcelona.es\/trasatlantico-tag-12-fur-nico\/"},"modified":"2011-12-17T01:15:00","modified_gmt":"2011-12-17T01:15:00","slug":"trasatlantico-tag-12-fur-nico","status":"publish","type":"post","link":"https:\/\/www.tuvalubarcelona.es\/de\/trasatlantico-tag-12-fur-nico\/","title":{"rendered":"Trasatl\u00e1ntico Tag 12 &#8211; f\u00fcr Nico"},"content":{"rendered":"<p><strong>Das leuchtende Sternchen<\/strong><\/p>\n<p>Wir segeln nun ja schon seit Tagen mitten im Atlantik. Tief unten am n\u00f6rdlichen Firmament ist seit kurzem das Sternzeichen Starion auszumachen. Wie ihr alle wisst besteht es aus f\u00fcnf Sternen. Ganz oben der vorauseilende Marqueso, etwas weiter unten die warm und umsorgend flunkernde Carina, gleich daneben die lustig h\u00fcpfende Anastasia, und ganz am unteren Ende, nahe am Horizont die kleinsten Beiden: Der Finistrello und der Nicoletto. Wie so oft schaute Nicoletto auch an diesem Abend hinaus ins grosse Firmament, die Milchstrasse und auch alle anderen Millionen von Sterne. Alle gl\u00e4nzen, brillieren, flunkern. Ein Stern versucht den anderen zu \u00fcbertreffen. Was f\u00fcr ein Spektakel! Nur ihm selbst, dem kleinen Nicoletto, so schien es ihm, wollte dies einfach nicht so recht gelingen. Er ist zwar eigentlich ein ganz lustiger kleiner Kerl. Aber trotzdem, zu klein und viel zu blass. \u201eWarum, mein Gott, strahlen alle so toll und nur ich nicht?\u201c fragte er sich wie jeden Abend. Selbst sein Bruder Finistrello schien ihm viel intensiver zu leuchten. Traurig liefen ihm beim Eindunkeln grosse Tr\u00e4nen \u00fcber sein kleines Gesicht. Mama Carina versucht ihn aufzumuntern. \u201eAber Nicoletto, Du bist noch klein und Du wirst sehen, in ein paar Jahren wirst auch Du strahlen wie Anastasia, Finistrello oder all deine anderen Kameraden aus dem Sternchengarten.\u201c \u201eJa Mama, ich weiss schon\u201c schluchzte er dann btterlich, \u201eaber ein Stern, selbst das kleinste Sternchen am Himmel, muss doch LEUCHTEN. Sonst ist er kein Stern und wird es nie und nimmer werden\u201c. Und Mami Carina nahm ihn Abend f\u00fcr Abend in die Arme und traurig schluchzend fiel er so in den Schlaf.<\/p>\n<p>Doch eines Abends, nachdem sich seine Mami auf Zehenspitzen hinausgeschlichen hatte und ihn schon am tr\u00e4umen w\u00e4hnte, beschloss er dies ein f\u00fcr alle mal zu \u00e4ndern. Irgend jemand in diesem grossen Himmel m\u00fcsste doch wissen wie man richtig leuchten kann. Mit Zn\u00fcnit\u00e4schli, M\u00fctze und Wanderst\u00f6ckchen machte er sich auf den Weg. Kr\u00e4ftigen Strittes ging er mit seinen kleinen Beinchen voran. Und schon bald h\u00f6rte er ein schwach sich n\u00e4herndes Sausen. \u201eRichtig, da kommt ja der Astroipilis angesaust\u201c. Schon oft hatte er von ihm geh\u00f6rt, es soll einer der weisesten Astroiden der Milchstrasse sein. \u201eAstroipilis, Astroipilis\u201c rief er ihm r\u00fcber. \u201eJa, mein kleiner Nicoletto\u201c s\u00e4uselte dieser zur\u00fcck, \u201ewas machst Du denn so ganz alleine hier draussen?\u201c \u201eLieber Astroipilis, ich suche jemand, der mir zeigt wie ich richtig leuchten kann\u201c. \u201eHaa, Nicoletto, das ist doch ganz einfach. Sause einfach ganz schnell voran, und schon leuchtest Du ganz stark\u201c \u201eJa, aber\u201e sagte dann Nicoletto, \u201eich bin doch ganz klein und kann nicht schneller gehen\u201c. \u201eOhhh ja, da hast Du wohl recht. Aber ich weiss sonst auch keinen Trick. Aber frag doch mal Grossvater Jupiter. Ich glaube der hat mal so eine Leuchtfarbe gebraucht, vielleicht kann er dir weiterhelfen.\u201c So machte sich Nicoletto erneut auf den Weg. Endlich kam er dann um die Ecke und sah vor sich Grossvater Jupiter. \u201eGrosspapi Jupi, Grosspapi Jupi, ich bin der kleine Nicoletto von Starion. Ich m\u00f6chte Dich etwas Fragen wenn ich darf\u201c. \u201eSo so, das kleine Sternchen Nicoletto also. Ganz alleine. Hmmmm, also, wo dr\u00fcckt dich der Schuh?\u201c. \u201eGrosspapi Jupi, Astroipilis hat mir gesagt Du h\u00e4ttest eine Leuchtfarbe. Ich bin so klein und schwach, und vielleicht gibst Du mir ein wenig davon damit ich auch ein richtiger Stern werde.\u201c \u201eLeuchtfarbe?\u201c brummelte Jupiter \u201edie habe ich doch schon vor Millionen Jahren aufgebraucht als ich meinen Ring gemalt habe. Fa blieb schon noch was \u00fcbrig, aber nun sind alle T\u00f6pfe ausgetrocknet. Tut mir wirklich Leid, da kann ich Dir nicht helfen\u201c. Nicoletto stand mit Tr\u00e4nen in den Augen da. War es zu glauben? So weit war er schon gegangen, und niemand wusste Hilfe. \u201eAber kleiner Nicoletto\u201c brummelte Grosspapi Jupi \u201eweinen hilft nichts, aber frag doch mal den Schleier-Stern, der kommt doch schon bald hier vorbei\u201c. Und richtig, etwas sp\u00e4ter kam er tats\u00e4chlich angeflogen. Gross leuchtend flog er dahin, und zog wie einen langen Schweif hinter sich her. \u201eSchleier-Stern, Schleier-Stern. Ich m\u00f6chte Dich fragen ob Du mir helfen kannst\u201c. \u201eOioioi, wer quietscht denn da so ungeduldig?\u201c rief Schleier-Stern zur\u00fcck. \u201eIch bin der kleine Nicoletto und suche jemand der zeigt wie man richtig zu leuchten kann\u201c. \u201eJa, wei\u00dft Du, Nicoletto. Ich mach dies mit meinem Schweif, aber der ist fest an meinem K\u00f6rper angemacht und wenn ich da einfach eine Feder ausreissen w\u00fcrde, dann w\u00fcrde mir das f\u00fcrchterlich weh tun\u201c. Ja, das wollte nun aber Nicoletto wirklich nicht. Aber wurde dar\u00fcber noch viel trauriger. Niemand, gar niemand, schien ihm helfen zu k\u00f6nnen. V\u00f6llig sinnlos, dass er da losgetrottet war in die kalte, schwarze Nacht hinaus. Und vielleicht m\u00fcsste er so oder so wieder nach Hause, was w\u00fcrde Mami Carina nur denken wenn er morgens nicht im Bett liegen w\u00fcrde? Er musste ja niemandem von seinem verungl\u00fcckten Ausflug erz\u00e4hlen. So machte er sich schleunigst auf den Weg. Wieder zur\u00fcck zum Grosspapi Jupi, dann weiter bei der Abzweigung nach links. Aber verflixt. Das sah ja ganz anders aus. Ohhhh, vielleicht doch nach rechts? Hatte er sich am Ende in der stockdunkeln Nacht noch verlaufen? Pl\u00f6tzlich h\u00f6rte er ein tiefes Grollen hinter sich. Erschrocken begann er so geschwind wie er konnte zu rennen. Doch es kam immer n\u00e4her. Es konnte doch nicht wahr sein. War das allenfalls das Schwarze Loch von dem ihm Mami Carina immer gewarnt hatte? Das kleine Sternchen einfach so mir nichts dir nichts aufschluckt und lebend verschlingt? Es brummte immer bedrohlicher, immer n\u00e4her. Nicoletto zitterte am ganzen Leibe und versuchte noch schneller zu rennen. Und als er schon fast dachte das Ger\u00f6hre sei bei ihm, da im letzten Moment sah er ein schwaches Leuchten vor sich. Jaaaaaaa! Das konnte doch nur sein Br\u00fcderchen Finistrello sein. Und mit letzter Energie sprang er hinein ins rettende Starion. Uff, war das knapp! Hier war alles noch ganz ruhig, obwohl draussen noch immer das R\u00f6hren und Brummen des schwarzen Loches zu h\u00f6ren war. Zum Gl\u00fcck hatte niemand bemerkt dass er weg war. Niemand konnte also von seinem erfolglosen Unternehmen was wissen und ihn damit noch hoch nehmen. Ersch\u00f6pft legte er sich in sein Bettchen und viel sofort in einen tiefen Schlaf. Nur wenig sp\u00e4ter weckte Mami Carina ihre beiden S\u00f6hnchen. \u201eAber Nicoletto\u201c, du zitterst ja am ganzen K\u00f6rper! Bist Du krank geworden?\u201c Nein nein, Mami\u201c antwortete er schnell. \u201eAber was ist denn los?\u201c insistierte Mami. Da liefen ihm kullergross die Tr\u00e4nen \u00fcber die Augen und schluchzend erz\u00e4hlte er alles. Vom sausende Astroipilis, Grosspapi Jupis ausgetrocknete Leuchtfarbe, der Schweif-Stern der nichts ausreissen wollte. Und vom schrecklichen schwarzen Loch. Mami Carina h\u00f6rte ihm mit grossen Augen verst\u00e4ndnisvoll zu. Was f\u00fcr einen mutigen Sohn sie doch hatte! So klein und schon ganz alleine durch die grosse weite Nacht. Finistrello und Anastasia kamen mit verschlafenen Augen dazu und h\u00f6rten mit. \u201eOhhh, das alles hat unser kleiner Nicoletto ganz alleine erlebt. Was f\u00fcr ein mutiger Kerl!\u201c \u201eIch h\u00e4tte geschrien wie am Spiess\u201c piepst Anastasia, \u201eso schnell h\u00e4tte ich nie rennen k\u00f6nnen\u201c ruft Finistrello. Dann kam auch Papi Marqueso dazu. Bed\u00e4chtig h\u00f6rte er zu. \u201eLieber Nicoletto. Du bist doch ein pr\u00e4chtiger Bursche geworden. Ein richtiger Stern! Was bin ich doch stolz auf dich! Aber fertig nun mit diesen Geschichten. Zieh das Pyjama aus und ab in den Sternchengarten. Es ist ja schon fast neun.\u201c Nicoletto, froh dass er keine Schelte gekriegt hatte, und dass ihm alle so interessiert zuh\u00f6rten, zog sofort das Pyjama aus. Verwundert schaute er runter zu seinem Bauch, zu den H\u00e4nden, zu den F\u00fcssen. Konnte es sein? Oder irrte er sich? Nein. Nein. Seine Augen t\u00e4uschten sich nicht. Unzweifelhaft. Denn ein kr\u00e4ftiges, warmes Leuchten &#8211; wie er es noch nie gesp\u00fcrt hatte &#8211; entsprang seinem ganzen K\u00f6rper.<\/p>\n<p>F\u00fcr Nico, mein lieber G\u00f6ttibube<\/p>\n","protected":false},"excerpt":{"rendered":"<p>Das leuchtende Sternchen Wir segeln nun ja schon seit Tagen mitten im Atlantik. Tief unten am n\u00f6rdlichen Firmament ist seit kurzem das Sternzeichen Starion auszumachen. Wie ihr alle wisst besteht es aus f\u00fcnf Sternen. Ganz  &#8230;<\/p>\n","protected":false},"author":3,"featured_media":12122,"comment_status":"open","ping_status":"open","sticky":false,"template":"","format":"standard","meta":{"footnotes":""},"categories":[397,174],"tags":[],"class_list":["post-17074","post","type-post","status-publish","format-standard","has-post-thumbnail","hentry","category-atlantic-crossing-5","category-atlantic-crossing"],"yoast_head":"<!-- This site is optimized with the Yoast SEO plugin v25.8 - https:\/\/yoast.com\/wordpress\/plugins\/seo\/ -->\r\n<title>Trasatl\u00e1ntico Tag 12 - f\u00fcr Nico - TUVALU<\/title>\r\n<meta name=\"robots\" content=\"index, follow, max-snippet:-1, max-image-preview:large, max-video-preview:-1\" \/>\r\n<link rel=\"canonical\" href=\"https:\/\/www.tuvalubarcelona.es\/trasatlantico-day-12\/\" \/>\r\n<meta property=\"og:locale\" content=\"de_DE\" \/>\r\n<meta property=\"og:type\" content=\"article\" \/>\r\n<meta property=\"og:title\" content=\"Trasatl\u00e1ntico Tag 12 - f\u00fcr Nico - TUVALU\" \/>\r\n<meta property=\"og:description\" content=\"Das leuchtende Sternchen Wir segeln nun ja schon seit Tagen mitten im Atlantik. Tief unten am n\u00f6rdlichen Firmament ist seit kurzem das Sternzeichen Starion auszumachen. Wie ihr alle wisst besteht es aus f\u00fcnf Sternen. Ganz ...\" \/>\r\n<meta property=\"og:url\" content=\"https:\/\/www.tuvalubarcelona.es\/trasatlantico-day-12\/\" \/>\r\n<meta property=\"og:site_name\" content=\"TUVALU\" \/>\r\n<meta property=\"article:publisher\" content=\"https:\/\/www.facebook.com\/tuvalu.barcelona\" \/>\r\n<meta property=\"article:published_time\" content=\"2011-12-17T01:15:00+00:00\" \/>\r\n<meta property=\"og:image\" content=\"https:\/\/www.tuvalubarcelona.es\/wp-content\/uploads\/2012\/04\/P1060522.jpg\" \/>\r\n\t<meta property=\"og:image:width\" content=\"640\" \/>\r\n\t<meta property=\"og:image:height\" content=\"480\" \/>\r\n\t<meta property=\"og:image:type\" content=\"image\/jpeg\" \/>\r\n<meta name=\"author\" content=\"Hans\" \/>\r\n<meta name=\"twitter:card\" content=\"summary_large_image\" \/>\r\n<meta name=\"twitter:creator\" content=\"@tuvalubarcelona\" \/>\r\n<meta name=\"twitter:site\" content=\"@tuvalubarcelona\" \/>\r\n<meta name=\"twitter:label1\" content=\"Verfasst von\" \/>\n\t<meta name=\"twitter:data1\" content=\"Hans\" \/>\n\t<meta name=\"twitter:label2\" content=\"Gesch\u00e4tzte Lesezeit\" \/>\n\t<meta name=\"twitter:data2\" content=\"7\u00a0Minuten\" \/>\r\n<script type=\"application\/ld+json\" class=\"yoast-schema-graph\">{\"@context\":\"https:\/\/schema.org\",\"@graph\":[{\"@type\":\"WebPage\",\"@id\":\"https:\/\/www.tuvalubarcelona.es\/trasatlantico-day-12\/\",\"url\":\"https:\/\/www.tuvalubarcelona.es\/trasatlantico-day-12\/\",\"name\":\"Trasatl\u00e1ntico Tag 12 - f\u00fcr Nico - TUVALU\",\"isPartOf\":{\"@id\":\"https:\/\/www.tuvalubarcelona.es\/#website\"},\"primaryImageOfPage\":{\"@id\":\"https:\/\/www.tuvalubarcelona.es\/trasatlantico-day-12\/#primaryimage\"},\"image\":{\"@id\":\"https:\/\/www.tuvalubarcelona.es\/trasatlantico-day-12\/#primaryimage\"},\"thumbnailUrl\":\"https:\/\/www.tuvalubarcelona.es\/wp-content\/uploads\/2012\/04\/P1060522.jpg\",\"datePublished\":\"2011-12-17T01:15:00+00:00\",\"author\":{\"@id\":\"https:\/\/www.tuvalubarcelona.es\/#\/schema\/person\/13a188b887ca020aad38d4351a51442c\"},\"breadcrumb\":{\"@id\":\"https:\/\/www.tuvalubarcelona.es\/trasatlantico-day-12\/#breadcrumb\"},\"inLanguage\":\"de\",\"potentialAction\":[{\"@type\":\"ReadAction\",\"target\":[\"https:\/\/www.tuvalubarcelona.es\/trasatlantico-day-12\/\"]}]},{\"@type\":\"ImageObject\",\"inLanguage\":\"de\",\"@id\":\"https:\/\/www.tuvalubarcelona.es\/trasatlantico-day-12\/#primaryimage\",\"url\":\"https:\/\/www.tuvalubarcelona.es\/wp-content\/uploads\/2012\/04\/P1060522.jpg\",\"contentUrl\":\"https:\/\/www.tuvalubarcelona.es\/wp-content\/uploads\/2012\/04\/P1060522.jpg\",\"width\":640,\"height\":480},{\"@type\":\"BreadcrumbList\",\"@id\":\"https:\/\/www.tuvalubarcelona.es\/trasatlantico-day-12\/#breadcrumb\",\"itemListElement\":[{\"@type\":\"ListItem\",\"position\":1,\"name\":\"Portada\",\"item\":\"https:\/\/www.tuvalubarcelona.es\/de\/\"},{\"@type\":\"ListItem\",\"position\":2,\"name\":\"Trasatl\u00e1ntico Tag 12 &#8211; f\u00fcr Nico\"}]},{\"@type\":\"WebSite\",\"@id\":\"https:\/\/www.tuvalubarcelona.es\/#website\",\"url\":\"https:\/\/www.tuvalubarcelona.es\/\",\"name\":\"TUVALU\",\"description\":\"Sailing Yacht Barcelona\",\"potentialAction\":[{\"@type\":\"SearchAction\",\"target\":{\"@type\":\"EntryPoint\",\"urlTemplate\":\"https:\/\/www.tuvalubarcelona.es\/?s={search_term_string}\"},\"query-input\":{\"@type\":\"PropertyValueSpecification\",\"valueRequired\":true,\"valueName\":\"search_term_string\"}}],\"inLanguage\":\"de\"},{\"@type\":\"Person\",\"@id\":\"https:\/\/www.tuvalubarcelona.es\/#\/schema\/person\/13a188b887ca020aad38d4351a51442c\",\"name\":\"Hans\",\"image\":{\"@type\":\"ImageObject\",\"inLanguage\":\"de\",\"@id\":\"https:\/\/www.tuvalubarcelona.es\/#\/schema\/person\/image\/\",\"url\":\"https:\/\/secure.gravatar.com\/avatar\/116b707a265ad9ebd7c418fd3d340b7648e2d97dfabde7ab60d136f7fcfb0026?s=96&r=g\",\"contentUrl\":\"https:\/\/secure.gravatar.com\/avatar\/116b707a265ad9ebd7c418fd3d340b7648e2d97dfabde7ab60d136f7fcfb0026?s=96&r=g\",\"caption\":\"Hans\"}}]}<\/script>\r\n<!-- \/ Yoast SEO plugin. -->","yoast_head_json":{"title":"Trasatl\u00e1ntico Tag 12 - f\u00fcr Nico - TUVALU","robots":{"index":"index","follow":"follow","max-snippet":"max-snippet:-1","max-image-preview":"max-image-preview:large","max-video-preview":"max-video-preview:-1"},"canonical":"https:\/\/www.tuvalubarcelona.es\/trasatlantico-day-12\/","og_locale":"de_DE","og_type":"article","og_title":"Trasatl\u00e1ntico Tag 12 - f\u00fcr Nico - TUVALU","og_description":"Das leuchtende Sternchen Wir segeln nun ja schon seit Tagen mitten im Atlantik. Tief unten am n\u00f6rdlichen Firmament ist seit kurzem das Sternzeichen Starion auszumachen. Wie ihr alle wisst besteht es aus f\u00fcnf Sternen. Ganz ...","og_url":"https:\/\/www.tuvalubarcelona.es\/trasatlantico-day-12\/","og_site_name":"TUVALU","article_publisher":"https:\/\/www.facebook.com\/tuvalu.barcelona","article_published_time":"2011-12-17T01:15:00+00:00","og_image":[{"width":640,"height":480,"url":"https:\/\/www.tuvalubarcelona.es\/wp-content\/uploads\/2012\/04\/P1060522.jpg","type":"image\/jpeg"}],"author":"Hans","twitter_card":"summary_large_image","twitter_creator":"@tuvalubarcelona","twitter_site":"@tuvalubarcelona","twitter_misc":{"Verfasst von":"Hans","Gesch\u00e4tzte Lesezeit":"7\u00a0Minuten"},"schema":{"@context":"https:\/\/schema.org","@graph":[{"@type":"WebPage","@id":"https:\/\/www.tuvalubarcelona.es\/trasatlantico-day-12\/","url":"https:\/\/www.tuvalubarcelona.es\/trasatlantico-day-12\/","name":"Trasatl\u00e1ntico Tag 12 - f\u00fcr Nico - TUVALU","isPartOf":{"@id":"https:\/\/www.tuvalubarcelona.es\/#website"},"primaryImageOfPage":{"@id":"https:\/\/www.tuvalubarcelona.es\/trasatlantico-day-12\/#primaryimage"},"image":{"@id":"https:\/\/www.tuvalubarcelona.es\/trasatlantico-day-12\/#primaryimage"},"thumbnailUrl":"https:\/\/www.tuvalubarcelona.es\/wp-content\/uploads\/2012\/04\/P1060522.jpg","datePublished":"2011-12-17T01:15:00+00:00","author":{"@id":"https:\/\/www.tuvalubarcelona.es\/#\/schema\/person\/13a188b887ca020aad38d4351a51442c"},"breadcrumb":{"@id":"https:\/\/www.tuvalubarcelona.es\/trasatlantico-day-12\/#breadcrumb"},"inLanguage":"de","potentialAction":[{"@type":"ReadAction","target":["https:\/\/www.tuvalubarcelona.es\/trasatlantico-day-12\/"]}]},{"@type":"ImageObject","inLanguage":"de","@id":"https:\/\/www.tuvalubarcelona.es\/trasatlantico-day-12\/#primaryimage","url":"https:\/\/www.tuvalubarcelona.es\/wp-content\/uploads\/2012\/04\/P1060522.jpg","contentUrl":"https:\/\/www.tuvalubarcelona.es\/wp-content\/uploads\/2012\/04\/P1060522.jpg","width":640,"height":480},{"@type":"BreadcrumbList","@id":"https:\/\/www.tuvalubarcelona.es\/trasatlantico-day-12\/#breadcrumb","itemListElement":[{"@type":"ListItem","position":1,"name":"Portada","item":"https:\/\/www.tuvalubarcelona.es\/de\/"},{"@type":"ListItem","position":2,"name":"Trasatl\u00e1ntico Tag 12 &#8211; f\u00fcr Nico"}]},{"@type":"WebSite","@id":"https:\/\/www.tuvalubarcelona.es\/#website","url":"https:\/\/www.tuvalubarcelona.es\/","name":"TUVALU","description":"Sailing Yacht Barcelona","potentialAction":[{"@type":"SearchAction","target":{"@type":"EntryPoint","urlTemplate":"https:\/\/www.tuvalubarcelona.es\/?s={search_term_string}"},"query-input":{"@type":"PropertyValueSpecification","valueRequired":true,"valueName":"search_term_string"}}],"inLanguage":"de"},{"@type":"Person","@id":"https:\/\/www.tuvalubarcelona.es\/#\/schema\/person\/13a188b887ca020aad38d4351a51442c","name":"Hans","image":{"@type":"ImageObject","inLanguage":"de","@id":"https:\/\/www.tuvalubarcelona.es\/#\/schema\/person\/image\/","url":"https:\/\/secure.gravatar.com\/avatar\/116b707a265ad9ebd7c418fd3d340b7648e2d97dfabde7ab60d136f7fcfb0026?s=96&r=g","contentUrl":"https:\/\/secure.gravatar.com\/avatar\/116b707a265ad9ebd7c418fd3d340b7648e2d97dfabde7ab60d136f7fcfb0026?s=96&r=g","caption":"Hans"}}]}},"_links":{"self":[{"href":"https:\/\/www.tuvalubarcelona.es\/de\/wp-json\/wp\/v2\/posts\/17074","targetHints":{"allow":["GET"]}}],"collection":[{"href":"https:\/\/www.tuvalubarcelona.es\/de\/wp-json\/wp\/v2\/posts"}],"about":[{"href":"https:\/\/www.tuvalubarcelona.es\/de\/wp-json\/wp\/v2\/types\/post"}],"author":[{"embeddable":true,"href":"https:\/\/www.tuvalubarcelona.es\/de\/wp-json\/wp\/v2\/users\/3"}],"replies":[{"embeddable":true,"href":"https:\/\/www.tuvalubarcelona.es\/de\/wp-json\/wp\/v2\/comments?post=17074"}],"version-history":[{"count":0,"href":"https:\/\/www.tuvalubarcelona.es\/de\/wp-json\/wp\/v2\/posts\/17074\/revisions"}],"wp:featuredmedia":[{"embeddable":true,"href":"https:\/\/www.tuvalubarcelona.es\/de\/wp-json\/wp\/v2\/media\/12122"}],"wp:attachment":[{"href":"https:\/\/www.tuvalubarcelona.es\/de\/wp-json\/wp\/v2\/media?parent=17074"}],"wp:term":[{"taxonomy":"category","embeddable":true,"href":"https:\/\/www.tuvalubarcelona.es\/de\/wp-json\/wp\/v2\/categories?post=17074"},{"taxonomy":"post_tag","embeddable":true,"href":"https:\/\/www.tuvalubarcelona.es\/de\/wp-json\/wp\/v2\/tags?post=17074"}],"curies":[{"name":"wp","href":"https:\/\/api.w.org\/{rel}","templated":true}]}}