{"id":17068,"date":"2011-12-14T00:04:00","date_gmt":"2011-12-14T00:04:00","guid":{"rendered":"https:\/\/www.tuvalubarcelona.es\/trasatlantico-tag-9\/"},"modified":"2011-12-14T00:04:00","modified_gmt":"2011-12-14T00:04:00","slug":"trasatlantico-tag-9","status":"publish","type":"post","link":"https:\/\/www.tuvalubarcelona.es\/de\/trasatlantico-tag-9\/","title":{"rendered":"Trasatl\u00e1ntico Tag 9"},"content":{"rendered":"<p>\u201eMit unertr\u00e4glicher, unendlicher Anstrengung plagten sie sich ab, als w\u00fcrden sie von einem b\u00f6sen Traum getrieben. Bald ergl\u00fchten ihre K\u00f6rper wie im Fieber, bald zitterten sie vor K\u00e4lte\u201c. Ja, Joseph Conrad, der Grossmeister der Segelliteratur, hat schon recht. Manchmal, wie gestern, macht das Ganze wirklich keinen Spass. Dass ganze Schiff wie ein grosser Sch\u00fcttelbecher. Die Welle zu hoch, der Wind ungeb\u00fchrlich, und wir kl\u00e4glich. Und dass es tagelang so weiter gehen wird. Oder noch schlimmer. Und noch elendigliche 1650 Meilen bis zum n\u00e4chsten Hafen fehlen. Ach! Aber dann bricht ein neuer Tag auf See an. Die Sonne steigt aus dem Horizont. Pl\u00f6tzlich scheinen die Wellen kleiner zu sein, der Wind artiger. Gottlob dauert es noch Tage bis Land in Sicht kommt. Ist die See wirklich ruhiger oder haben wir uns einfach dran gew\u00f6hnt? Was soll\u2019s, der b\u00f6se Traum ist vergessen, wie fr\u00fcher als wir noch Kinder waren. Und wir ergl\u00fchen ab der Faszination dieses so unendlichen Ozeans. Segeln ist einfach grossartig!<\/p>\n<p>&nbsp;<\/p>\n","protected":false},"excerpt":{"rendered":"<p>\u201eMit unertr\u00e4glicher, unendlicher Anstrengung plagten sie sich ab, als w\u00fcrden sie von einem b\u00f6sen Traum getrieben. Bald ergl\u00fchten ihre K\u00f6rper wie im Fieber, bald zitterten sie vor K\u00e4lte\u201c. Ja, Joseph Conrad, der Grossmeister der Segelliteratur,  &#8230;<\/p>\n","protected":false},"author":3,"featured_media":12122,"comment_status":"open","ping_status":"open","sticky":false,"template":"","format":"standard","meta":{"footnotes":""},"categories":[397,174],"tags":[],"class_list":["post-17068","post","type-post","status-publish","format-standard","has-post-thumbnail","hentry","category-atlantic-crossing-5","category-atlantic-crossing"],"yoast_head":"<!-- This site is optimized with the Yoast SEO plugin v25.8 - https:\/\/yoast.com\/wordpress\/plugins\/seo\/ -->\r\n<title>Trasatl\u00e1ntico Tag 9 - TUVALU<\/title>\r\n<meta name=\"robots\" content=\"index, follow, max-snippet:-1, max-image-preview:large, max-video-preview:-1\" \/>\r\n<link rel=\"canonical\" href=\"https:\/\/www.tuvalubarcelona.es\/trasatlantico-day-9\/\" \/>\r\n<meta property=\"og:locale\" content=\"de_DE\" \/>\r\n<meta property=\"og:type\" content=\"article\" \/>\r\n<meta property=\"og:title\" content=\"Trasatl\u00e1ntico Tag 9 - TUVALU\" \/>\r\n<meta property=\"og:description\" content=\"\u201eMit unertr\u00e4glicher, unendlicher Anstrengung plagten sie sich ab, als w\u00fcrden sie von einem b\u00f6sen Traum getrieben. Bald ergl\u00fchten ihre K\u00f6rper wie im Fieber, bald zitterten sie vor K\u00e4lte\u201c. Ja, Joseph Conrad, der Grossmeister der Segelliteratur, ...\" \/>\r\n<meta property=\"og:url\" content=\"https:\/\/www.tuvalubarcelona.es\/trasatlantico-day-9\/\" \/>\r\n<meta property=\"og:site_name\" content=\"TUVALU\" \/>\r\n<meta property=\"article:publisher\" content=\"https:\/\/www.facebook.com\/tuvalu.barcelona\" \/>\r\n<meta property=\"article:published_time\" content=\"2011-12-14T00:04:00+00:00\" \/>\r\n<meta property=\"og:image\" content=\"https:\/\/www.tuvalubarcelona.es\/wp-content\/uploads\/2012\/04\/P1060522.jpg\" \/>\r\n\t<meta property=\"og:image:width\" content=\"640\" \/>\r\n\t<meta property=\"og:image:height\" content=\"480\" \/>\r\n\t<meta property=\"og:image:type\" content=\"image\/jpeg\" \/>\r\n<meta name=\"author\" content=\"Hans\" \/>\r\n<meta name=\"twitter:card\" content=\"summary_large_image\" \/>\r\n<meta name=\"twitter:creator\" content=\"@tuvalubarcelona\" \/>\r\n<meta name=\"twitter:site\" content=\"@tuvalubarcelona\" \/>\r\n<meta name=\"twitter:label1\" content=\"Verfasst von\" \/>\n\t<meta name=\"twitter:data1\" content=\"Hans\" \/>\n\t<meta name=\"twitter:label2\" content=\"Gesch\u00e4tzte Lesezeit\" \/>\n\t<meta name=\"twitter:data2\" content=\"1\u00a0Minute\" \/>\r\n<script type=\"application\/ld+json\" class=\"yoast-schema-graph\">{\"@context\":\"https:\/\/schema.org\",\"@graph\":[{\"@type\":\"WebPage\",\"@id\":\"https:\/\/www.tuvalubarcelona.es\/trasatlantico-day-9\/\",\"url\":\"https:\/\/www.tuvalubarcelona.es\/trasatlantico-day-9\/\",\"name\":\"Trasatl\u00e1ntico Tag 9 - TUVALU\",\"isPartOf\":{\"@id\":\"https:\/\/www.tuvalubarcelona.es\/#website\"},\"primaryImageOfPage\":{\"@id\":\"https:\/\/www.tuvalubarcelona.es\/trasatlantico-day-9\/#primaryimage\"},\"image\":{\"@id\":\"https:\/\/www.tuvalubarcelona.es\/trasatlantico-day-9\/#primaryimage\"},\"thumbnailUrl\":\"https:\/\/www.tuvalubarcelona.es\/wp-content\/uploads\/2012\/04\/P1060522.jpg\",\"datePublished\":\"2011-12-14T00:04:00+00:00\",\"author\":{\"@id\":\"https:\/\/www.tuvalubarcelona.es\/#\/schema\/person\/13a188b887ca020aad38d4351a51442c\"},\"breadcrumb\":{\"@id\":\"https:\/\/www.tuvalubarcelona.es\/trasatlantico-day-9\/#breadcrumb\"},\"inLanguage\":\"de\",\"potentialAction\":[{\"@type\":\"ReadAction\",\"target\":[\"https:\/\/www.tuvalubarcelona.es\/trasatlantico-day-9\/\"]}]},{\"@type\":\"ImageObject\",\"inLanguage\":\"de\",\"@id\":\"https:\/\/www.tuvalubarcelona.es\/trasatlantico-day-9\/#primaryimage\",\"url\":\"https:\/\/www.tuvalubarcelona.es\/wp-content\/uploads\/2012\/04\/P1060522.jpg\",\"contentUrl\":\"https:\/\/www.tuvalubarcelona.es\/wp-content\/uploads\/2012\/04\/P1060522.jpg\",\"width\":640,\"height\":480},{\"@type\":\"BreadcrumbList\",\"@id\":\"https:\/\/www.tuvalubarcelona.es\/trasatlantico-day-9\/#breadcrumb\",\"itemListElement\":[{\"@type\":\"ListItem\",\"position\":1,\"name\":\"Portada\",\"item\":\"https:\/\/www.tuvalubarcelona.es\/de\/\"},{\"@type\":\"ListItem\",\"position\":2,\"name\":\"Trasatl\u00e1ntico Tag 9\"}]},{\"@type\":\"WebSite\",\"@id\":\"https:\/\/www.tuvalubarcelona.es\/#website\",\"url\":\"https:\/\/www.tuvalubarcelona.es\/\",\"name\":\"TUVALU\",\"description\":\"Sailing Yacht Barcelona\",\"potentialAction\":[{\"@type\":\"SearchAction\",\"target\":{\"@type\":\"EntryPoint\",\"urlTemplate\":\"https:\/\/www.tuvalubarcelona.es\/?s={search_term_string}\"},\"query-input\":{\"@type\":\"PropertyValueSpecification\",\"valueRequired\":true,\"valueName\":\"search_term_string\"}}],\"inLanguage\":\"de\"},{\"@type\":\"Person\",\"@id\":\"https:\/\/www.tuvalubarcelona.es\/#\/schema\/person\/13a188b887ca020aad38d4351a51442c\",\"name\":\"Hans\",\"image\":{\"@type\":\"ImageObject\",\"inLanguage\":\"de\",\"@id\":\"https:\/\/www.tuvalubarcelona.es\/#\/schema\/person\/image\/\",\"url\":\"https:\/\/secure.gravatar.com\/avatar\/116b707a265ad9ebd7c418fd3d340b7648e2d97dfabde7ab60d136f7fcfb0026?s=96&r=g\",\"contentUrl\":\"https:\/\/secure.gravatar.com\/avatar\/116b707a265ad9ebd7c418fd3d340b7648e2d97dfabde7ab60d136f7fcfb0026?s=96&r=g\",\"caption\":\"Hans\"}}]}<\/script>\r\n<!-- \/ Yoast SEO plugin. -->","yoast_head_json":{"title":"Trasatl\u00e1ntico Tag 9 - TUVALU","robots":{"index":"index","follow":"follow","max-snippet":"max-snippet:-1","max-image-preview":"max-image-preview:large","max-video-preview":"max-video-preview:-1"},"canonical":"https:\/\/www.tuvalubarcelona.es\/trasatlantico-day-9\/","og_locale":"de_DE","og_type":"article","og_title":"Trasatl\u00e1ntico Tag 9 - TUVALU","og_description":"\u201eMit unertr\u00e4glicher, unendlicher Anstrengung plagten sie sich ab, als w\u00fcrden sie von einem b\u00f6sen Traum getrieben. Bald ergl\u00fchten ihre K\u00f6rper wie im Fieber, bald zitterten sie vor K\u00e4lte\u201c. Ja, Joseph Conrad, der Grossmeister der Segelliteratur, ...","og_url":"https:\/\/www.tuvalubarcelona.es\/trasatlantico-day-9\/","og_site_name":"TUVALU","article_publisher":"https:\/\/www.facebook.com\/tuvalu.barcelona","article_published_time":"2011-12-14T00:04:00+00:00","og_image":[{"width":640,"height":480,"url":"https:\/\/www.tuvalubarcelona.es\/wp-content\/uploads\/2012\/04\/P1060522.jpg","type":"image\/jpeg"}],"author":"Hans","twitter_card":"summary_large_image","twitter_creator":"@tuvalubarcelona","twitter_site":"@tuvalubarcelona","twitter_misc":{"Verfasst von":"Hans","Gesch\u00e4tzte Lesezeit":"1\u00a0Minute"},"schema":{"@context":"https:\/\/schema.org","@graph":[{"@type":"WebPage","@id":"https:\/\/www.tuvalubarcelona.es\/trasatlantico-day-9\/","url":"https:\/\/www.tuvalubarcelona.es\/trasatlantico-day-9\/","name":"Trasatl\u00e1ntico Tag 9 - TUVALU","isPartOf":{"@id":"https:\/\/www.tuvalubarcelona.es\/#website"},"primaryImageOfPage":{"@id":"https:\/\/www.tuvalubarcelona.es\/trasatlantico-day-9\/#primaryimage"},"image":{"@id":"https:\/\/www.tuvalubarcelona.es\/trasatlantico-day-9\/#primaryimage"},"thumbnailUrl":"https:\/\/www.tuvalubarcelona.es\/wp-content\/uploads\/2012\/04\/P1060522.jpg","datePublished":"2011-12-14T00:04:00+00:00","author":{"@id":"https:\/\/www.tuvalubarcelona.es\/#\/schema\/person\/13a188b887ca020aad38d4351a51442c"},"breadcrumb":{"@id":"https:\/\/www.tuvalubarcelona.es\/trasatlantico-day-9\/#breadcrumb"},"inLanguage":"de","potentialAction":[{"@type":"ReadAction","target":["https:\/\/www.tuvalubarcelona.es\/trasatlantico-day-9\/"]}]},{"@type":"ImageObject","inLanguage":"de","@id":"https:\/\/www.tuvalubarcelona.es\/trasatlantico-day-9\/#primaryimage","url":"https:\/\/www.tuvalubarcelona.es\/wp-content\/uploads\/2012\/04\/P1060522.jpg","contentUrl":"https:\/\/www.tuvalubarcelona.es\/wp-content\/uploads\/2012\/04\/P1060522.jpg","width":640,"height":480},{"@type":"BreadcrumbList","@id":"https:\/\/www.tuvalubarcelona.es\/trasatlantico-day-9\/#breadcrumb","itemListElement":[{"@type":"ListItem","position":1,"name":"Portada","item":"https:\/\/www.tuvalubarcelona.es\/de\/"},{"@type":"ListItem","position":2,"name":"Trasatl\u00e1ntico Tag 9"}]},{"@type":"WebSite","@id":"https:\/\/www.tuvalubarcelona.es\/#website","url":"https:\/\/www.tuvalubarcelona.es\/","name":"TUVALU","description":"Sailing Yacht Barcelona","potentialAction":[{"@type":"SearchAction","target":{"@type":"EntryPoint","urlTemplate":"https:\/\/www.tuvalubarcelona.es\/?s={search_term_string}"},"query-input":{"@type":"PropertyValueSpecification","valueRequired":true,"valueName":"search_term_string"}}],"inLanguage":"de"},{"@type":"Person","@id":"https:\/\/www.tuvalubarcelona.es\/#\/schema\/person\/13a188b887ca020aad38d4351a51442c","name":"Hans","image":{"@type":"ImageObject","inLanguage":"de","@id":"https:\/\/www.tuvalubarcelona.es\/#\/schema\/person\/image\/","url":"https:\/\/secure.gravatar.com\/avatar\/116b707a265ad9ebd7c418fd3d340b7648e2d97dfabde7ab60d136f7fcfb0026?s=96&r=g","contentUrl":"https:\/\/secure.gravatar.com\/avatar\/116b707a265ad9ebd7c418fd3d340b7648e2d97dfabde7ab60d136f7fcfb0026?s=96&r=g","caption":"Hans"}}]}},"_links":{"self":[{"href":"https:\/\/www.tuvalubarcelona.es\/de\/wp-json\/wp\/v2\/posts\/17068","targetHints":{"allow":["GET"]}}],"collection":[{"href":"https:\/\/www.tuvalubarcelona.es\/de\/wp-json\/wp\/v2\/posts"}],"about":[{"href":"https:\/\/www.tuvalubarcelona.es\/de\/wp-json\/wp\/v2\/types\/post"}],"author":[{"embeddable":true,"href":"https:\/\/www.tuvalubarcelona.es\/de\/wp-json\/wp\/v2\/users\/3"}],"replies":[{"embeddable":true,"href":"https:\/\/www.tuvalubarcelona.es\/de\/wp-json\/wp\/v2\/comments?post=17068"}],"version-history":[{"count":0,"href":"https:\/\/www.tuvalubarcelona.es\/de\/wp-json\/wp\/v2\/posts\/17068\/revisions"}],"wp:featuredmedia":[{"embeddable":true,"href":"https:\/\/www.tuvalubarcelona.es\/de\/wp-json\/wp\/v2\/media\/12122"}],"wp:attachment":[{"href":"https:\/\/www.tuvalubarcelona.es\/de\/wp-json\/wp\/v2\/media?parent=17068"}],"wp:term":[{"taxonomy":"category","embeddable":true,"href":"https:\/\/www.tuvalubarcelona.es\/de\/wp-json\/wp\/v2\/categories?post=17068"},{"taxonomy":"post_tag","embeddable":true,"href":"https:\/\/www.tuvalubarcelona.es\/de\/wp-json\/wp\/v2\/tags?post=17068"}],"curies":[{"name":"wp","href":"https:\/\/api.w.org\/{rel}","templated":true}]}}