{"id":17040,"date":"2011-10-29T05:17:00","date_gmt":"2011-10-29T05:17:00","guid":{"rendered":"https:\/\/www.tuvalubarcelona.es\/cadiz-canarias-day-1\/"},"modified":"2011-10-29T05:17:00","modified_gmt":"2011-10-29T05:17:00","slug":"cadiz-canarias-day-1","status":"publish","type":"post","link":"https:\/\/www.tuvalubarcelona.es\/de\/cadiz-canarias-day-1\/","title":{"rendered":"C\u00e1diz Canarias Day 1"},"content":{"rendered":"<p>Unsere R\u00fcckkehr aus Barcelona nach C\u00e1diz ist begleitet von einem abrupten Wetterwechsel. Der sommerliche Herbst ist auch in Spanien definitiv vorbei und zwei kr\u00e4ftige Tiefdruckgebiete, begleitet durch viel Wind und Regen, rauschen \u00fcber uns hinweg. Das schlechte Wetter bringt uns aber auch eine exzellente Nachricht: Imma\u2019s Vater geht\u2019s gesundheitlich viel besser als erwartet, dies l\u00e4sst uns viel sorgenfreier unsere k\u00fcnftigen \u00dcberfahrten planen. So verbringen wir die Woche mit letztem Vorbereitungen und Basteln am Schiff, Einkauf und abendlichem \u201etapeo\u201c in der Altstadt von C\u00e1diz. Wir f\u00fchlen uns schon fast etwas zuhause \u2013 also h\u00f6chste Zeit weiter zu fahren. Und heute (Freitag) morgen ist es dann definitiv soweit. Das Wetter verspricht eine Woche n\u00f6rdliche Winde mit 10 \u2013 15 Knoten und so starten wir um 12 Uhr zur 570 Seemeilen \u2013 \u00dcberfahrt nach den Kanarischen Inseln. Wir rechnen mit 4 \u2013 5 Tagen bis zur Ankunft auf der Insel La Graciosa. Die ersten Stunden sind etwas unruhig, die See l\u00e4sst uns kr\u00e4ftig schaukeln. Aber vielleicht m\u00fcssen wir uns nach dem langen Landgang einfach auch wieder etwas an die See gew\u00f6hnen. Imma hat vorsorglich eine \u201eBiodramina\u201c geschluckt, was sie vor allem enorm schl\u00e4frig macht. Trotzdem sind wir euphorisch: der erste grosse Atlantik \u2013 T\u00f6rn! Wie vertragen wir die Welle? Die vielen N\u00e4chte mit unserer Mini \u2013 2er \u2013 Crew? Aber im Laufe des Nachmittags, nach dem Besuch einiger Delphine, einem guten Essen und dem Ansteigen des Windes auf 15 Knoten, segeln wir bestens und guten Mutes. Die Atlantik \u2013 Welle ist lang und l\u00e4sst das Schiffchen nur m\u00e4ssig schaukeln. Mit Gross und Genua rauschen wir mit 6 Knoten Fahrt in den S\u00fcden. Abends um 23 UTC dann unserer erster Kontakt via Kurzwelle mit Rafael del Castillo (La Rueda de los Navegantes), Wetter \u2013Guru aus Las Palmas, der seit Jahrzehnten schon unz\u00e4hlige Yachten um die Welt begleitet hat. Obwohl wir auch selbst t\u00e4glich aktualisierte GRIB \u2013 Wetterdaten via Sailmail erhalten sind wir froh, mit Rafael zu sprechen und so von seiner exzellenten Erfahrung profitieren zu k\u00f6nnen. Deshalb haben wir ja unter anderem auch eine Kurzwellenanlage an Bord!<\/p>\n<p><em>Ps. Bis zur Ankunft in den Kanarischen Inseln werden wir, soweit die Technik mitmacht und das Wetter es zul\u00e4sst, t\u00e4glich zumindest kurz im Blog berichten. Technisch ist dies dank einem (rudiment\u00e4rer) Email \u2013 Service via Kurzwelle (Sailmail) m\u00f6glich, also auch mitten auf dem Atlantik. Auf die selbe Art und Weise aktualisieren wir auch t\u00e4glich die Position des Schiffes im Blog (siehe POSITION).<\/em><\/p>\n<p>&nbsp;<\/p>\n","protected":false},"excerpt":{"rendered":"<p>Unsere R\u00fcckkehr aus Barcelona nach C\u00e1diz ist begleitet von einem abrupten Wetterwechsel. Der sommerliche Herbst ist auch in Spanien definitiv vorbei und zwei kr\u00e4ftige Tiefdruckgebiete, begleitet durch viel Wind und Regen, rauschen \u00fcber uns hinweg.  &#8230;<\/p>\n","protected":false},"author":3,"featured_media":12122,"comment_status":"open","ping_status":"open","sticky":false,"template":"","format":"standard","meta":{"footnotes":""},"categories":[397,174],"tags":[],"class_list":["post-17040","post","type-post","status-publish","format-standard","has-post-thumbnail","hentry","category-atlantic-crossing-5","category-atlantic-crossing"],"yoast_head":"<!-- This site is optimized with the Yoast SEO plugin v25.8 - https:\/\/yoast.com\/wordpress\/plugins\/seo\/ -->\r\n<title>C\u00e1diz Canarias Day 1 - TUVALU<\/title>\r\n<meta name=\"robots\" content=\"index, follow, max-snippet:-1, max-image-preview:large, max-video-preview:-1\" \/>\r\n<link rel=\"canonical\" href=\"https:\/\/www.tuvalubarcelona.es\/cadiz-canarias-day-1\/\" \/>\r\n<meta property=\"og:locale\" content=\"de_DE\" \/>\r\n<meta property=\"og:type\" content=\"article\" \/>\r\n<meta property=\"og:title\" content=\"C\u00e1diz Canarias Day 1 - TUVALU\" \/>\r\n<meta property=\"og:description\" content=\"Unsere R\u00fcckkehr aus Barcelona nach C\u00e1diz ist begleitet von einem abrupten Wetterwechsel. Der sommerliche Herbst ist auch in Spanien definitiv vorbei und zwei kr\u00e4ftige Tiefdruckgebiete, begleitet durch viel Wind und Regen, rauschen \u00fcber uns hinweg. ...\" \/>\r\n<meta property=\"og:url\" content=\"https:\/\/www.tuvalubarcelona.es\/cadiz-canarias-day-1\/\" \/>\r\n<meta property=\"og:site_name\" content=\"TUVALU\" \/>\r\n<meta property=\"article:publisher\" content=\"https:\/\/www.facebook.com\/tuvalu.barcelona\" \/>\r\n<meta property=\"article:published_time\" content=\"2011-10-29T05:17:00+00:00\" \/>\r\n<meta property=\"og:image\" content=\"https:\/\/www.tuvalubarcelona.es\/wp-content\/uploads\/2012\/04\/P1060522.jpg\" \/>\r\n\t<meta property=\"og:image:width\" content=\"640\" \/>\r\n\t<meta property=\"og:image:height\" content=\"480\" \/>\r\n\t<meta property=\"og:image:type\" content=\"image\/jpeg\" \/>\r\n<meta name=\"author\" content=\"Hans\" \/>\r\n<meta name=\"twitter:card\" content=\"summary_large_image\" \/>\r\n<meta name=\"twitter:creator\" content=\"@tuvalubarcelona\" \/>\r\n<meta name=\"twitter:site\" content=\"@tuvalubarcelona\" \/>\r\n<meta name=\"twitter:label1\" content=\"Verfasst von\" \/>\n\t<meta name=\"twitter:data1\" content=\"Hans\" \/>\n\t<meta name=\"twitter:label2\" content=\"Gesch\u00e4tzte Lesezeit\" \/>\n\t<meta name=\"twitter:data2\" content=\"2\u00a0Minuten\" \/>\r\n<script type=\"application\/ld+json\" class=\"yoast-schema-graph\">{\"@context\":\"https:\/\/schema.org\",\"@graph\":[{\"@type\":\"WebPage\",\"@id\":\"https:\/\/www.tuvalubarcelona.es\/cadiz-canarias-day-1\/\",\"url\":\"https:\/\/www.tuvalubarcelona.es\/cadiz-canarias-day-1\/\",\"name\":\"C\u00e1diz Canarias Day 1 - TUVALU\",\"isPartOf\":{\"@id\":\"https:\/\/www.tuvalubarcelona.es\/#website\"},\"primaryImageOfPage\":{\"@id\":\"https:\/\/www.tuvalubarcelona.es\/cadiz-canarias-day-1\/#primaryimage\"},\"image\":{\"@id\":\"https:\/\/www.tuvalubarcelona.es\/cadiz-canarias-day-1\/#primaryimage\"},\"thumbnailUrl\":\"https:\/\/www.tuvalubarcelona.es\/wp-content\/uploads\/2012\/04\/P1060522.jpg\",\"datePublished\":\"2011-10-29T05:17:00+00:00\",\"author\":{\"@id\":\"https:\/\/www.tuvalubarcelona.es\/#\/schema\/person\/13a188b887ca020aad38d4351a51442c\"},\"breadcrumb\":{\"@id\":\"https:\/\/www.tuvalubarcelona.es\/cadiz-canarias-day-1\/#breadcrumb\"},\"inLanguage\":\"de\",\"potentialAction\":[{\"@type\":\"ReadAction\",\"target\":[\"https:\/\/www.tuvalubarcelona.es\/cadiz-canarias-day-1\/\"]}]},{\"@type\":\"ImageObject\",\"inLanguage\":\"de\",\"@id\":\"https:\/\/www.tuvalubarcelona.es\/cadiz-canarias-day-1\/#primaryimage\",\"url\":\"https:\/\/www.tuvalubarcelona.es\/wp-content\/uploads\/2012\/04\/P1060522.jpg\",\"contentUrl\":\"https:\/\/www.tuvalubarcelona.es\/wp-content\/uploads\/2012\/04\/P1060522.jpg\",\"width\":640,\"height\":480},{\"@type\":\"BreadcrumbList\",\"@id\":\"https:\/\/www.tuvalubarcelona.es\/cadiz-canarias-day-1\/#breadcrumb\",\"itemListElement\":[{\"@type\":\"ListItem\",\"position\":1,\"name\":\"Portada\",\"item\":\"https:\/\/www.tuvalubarcelona.es\/de\/\"},{\"@type\":\"ListItem\",\"position\":2,\"name\":\"C\u00e1diz Canarias Day 1\"}]},{\"@type\":\"WebSite\",\"@id\":\"https:\/\/www.tuvalubarcelona.es\/#website\",\"url\":\"https:\/\/www.tuvalubarcelona.es\/\",\"name\":\"TUVALU\",\"description\":\"Sailing Yacht Barcelona\",\"potentialAction\":[{\"@type\":\"SearchAction\",\"target\":{\"@type\":\"EntryPoint\",\"urlTemplate\":\"https:\/\/www.tuvalubarcelona.es\/?s={search_term_string}\"},\"query-input\":{\"@type\":\"PropertyValueSpecification\",\"valueRequired\":true,\"valueName\":\"search_term_string\"}}],\"inLanguage\":\"de\"},{\"@type\":\"Person\",\"@id\":\"https:\/\/www.tuvalubarcelona.es\/#\/schema\/person\/13a188b887ca020aad38d4351a51442c\",\"name\":\"Hans\",\"image\":{\"@type\":\"ImageObject\",\"inLanguage\":\"de\",\"@id\":\"https:\/\/www.tuvalubarcelona.es\/#\/schema\/person\/image\/\",\"url\":\"https:\/\/secure.gravatar.com\/avatar\/116b707a265ad9ebd7c418fd3d340b7648e2d97dfabde7ab60d136f7fcfb0026?s=96&r=g\",\"contentUrl\":\"https:\/\/secure.gravatar.com\/avatar\/116b707a265ad9ebd7c418fd3d340b7648e2d97dfabde7ab60d136f7fcfb0026?s=96&r=g\",\"caption\":\"Hans\"}}]}<\/script>\r\n<!-- \/ Yoast SEO plugin. -->","yoast_head_json":{"title":"C\u00e1diz Canarias Day 1 - TUVALU","robots":{"index":"index","follow":"follow","max-snippet":"max-snippet:-1","max-image-preview":"max-image-preview:large","max-video-preview":"max-video-preview:-1"},"canonical":"https:\/\/www.tuvalubarcelona.es\/cadiz-canarias-day-1\/","og_locale":"de_DE","og_type":"article","og_title":"C\u00e1diz Canarias Day 1 - TUVALU","og_description":"Unsere R\u00fcckkehr aus Barcelona nach C\u00e1diz ist begleitet von einem abrupten Wetterwechsel. Der sommerliche Herbst ist auch in Spanien definitiv vorbei und zwei kr\u00e4ftige Tiefdruckgebiete, begleitet durch viel Wind und Regen, rauschen \u00fcber uns hinweg. ...","og_url":"https:\/\/www.tuvalubarcelona.es\/cadiz-canarias-day-1\/","og_site_name":"TUVALU","article_publisher":"https:\/\/www.facebook.com\/tuvalu.barcelona","article_published_time":"2011-10-29T05:17:00+00:00","og_image":[{"width":640,"height":480,"url":"https:\/\/www.tuvalubarcelona.es\/wp-content\/uploads\/2012\/04\/P1060522.jpg","type":"image\/jpeg"}],"author":"Hans","twitter_card":"summary_large_image","twitter_creator":"@tuvalubarcelona","twitter_site":"@tuvalubarcelona","twitter_misc":{"Verfasst von":"Hans","Gesch\u00e4tzte Lesezeit":"2\u00a0Minuten"},"schema":{"@context":"https:\/\/schema.org","@graph":[{"@type":"WebPage","@id":"https:\/\/www.tuvalubarcelona.es\/cadiz-canarias-day-1\/","url":"https:\/\/www.tuvalubarcelona.es\/cadiz-canarias-day-1\/","name":"C\u00e1diz Canarias Day 1 - TUVALU","isPartOf":{"@id":"https:\/\/www.tuvalubarcelona.es\/#website"},"primaryImageOfPage":{"@id":"https:\/\/www.tuvalubarcelona.es\/cadiz-canarias-day-1\/#primaryimage"},"image":{"@id":"https:\/\/www.tuvalubarcelona.es\/cadiz-canarias-day-1\/#primaryimage"},"thumbnailUrl":"https:\/\/www.tuvalubarcelona.es\/wp-content\/uploads\/2012\/04\/P1060522.jpg","datePublished":"2011-10-29T05:17:00+00:00","author":{"@id":"https:\/\/www.tuvalubarcelona.es\/#\/schema\/person\/13a188b887ca020aad38d4351a51442c"},"breadcrumb":{"@id":"https:\/\/www.tuvalubarcelona.es\/cadiz-canarias-day-1\/#breadcrumb"},"inLanguage":"de","potentialAction":[{"@type":"ReadAction","target":["https:\/\/www.tuvalubarcelona.es\/cadiz-canarias-day-1\/"]}]},{"@type":"ImageObject","inLanguage":"de","@id":"https:\/\/www.tuvalubarcelona.es\/cadiz-canarias-day-1\/#primaryimage","url":"https:\/\/www.tuvalubarcelona.es\/wp-content\/uploads\/2012\/04\/P1060522.jpg","contentUrl":"https:\/\/www.tuvalubarcelona.es\/wp-content\/uploads\/2012\/04\/P1060522.jpg","width":640,"height":480},{"@type":"BreadcrumbList","@id":"https:\/\/www.tuvalubarcelona.es\/cadiz-canarias-day-1\/#breadcrumb","itemListElement":[{"@type":"ListItem","position":1,"name":"Portada","item":"https:\/\/www.tuvalubarcelona.es\/de\/"},{"@type":"ListItem","position":2,"name":"C\u00e1diz Canarias Day 1"}]},{"@type":"WebSite","@id":"https:\/\/www.tuvalubarcelona.es\/#website","url":"https:\/\/www.tuvalubarcelona.es\/","name":"TUVALU","description":"Sailing Yacht Barcelona","potentialAction":[{"@type":"SearchAction","target":{"@type":"EntryPoint","urlTemplate":"https:\/\/www.tuvalubarcelona.es\/?s={search_term_string}"},"query-input":{"@type":"PropertyValueSpecification","valueRequired":true,"valueName":"search_term_string"}}],"inLanguage":"de"},{"@type":"Person","@id":"https:\/\/www.tuvalubarcelona.es\/#\/schema\/person\/13a188b887ca020aad38d4351a51442c","name":"Hans","image":{"@type":"ImageObject","inLanguage":"de","@id":"https:\/\/www.tuvalubarcelona.es\/#\/schema\/person\/image\/","url":"https:\/\/secure.gravatar.com\/avatar\/116b707a265ad9ebd7c418fd3d340b7648e2d97dfabde7ab60d136f7fcfb0026?s=96&r=g","contentUrl":"https:\/\/secure.gravatar.com\/avatar\/116b707a265ad9ebd7c418fd3d340b7648e2d97dfabde7ab60d136f7fcfb0026?s=96&r=g","caption":"Hans"}}]}},"_links":{"self":[{"href":"https:\/\/www.tuvalubarcelona.es\/de\/wp-json\/wp\/v2\/posts\/17040","targetHints":{"allow":["GET"]}}],"collection":[{"href":"https:\/\/www.tuvalubarcelona.es\/de\/wp-json\/wp\/v2\/posts"}],"about":[{"href":"https:\/\/www.tuvalubarcelona.es\/de\/wp-json\/wp\/v2\/types\/post"}],"author":[{"embeddable":true,"href":"https:\/\/www.tuvalubarcelona.es\/de\/wp-json\/wp\/v2\/users\/3"}],"replies":[{"embeddable":true,"href":"https:\/\/www.tuvalubarcelona.es\/de\/wp-json\/wp\/v2\/comments?post=17040"}],"version-history":[{"count":0,"href":"https:\/\/www.tuvalubarcelona.es\/de\/wp-json\/wp\/v2\/posts\/17040\/revisions"}],"wp:featuredmedia":[{"embeddable":true,"href":"https:\/\/www.tuvalubarcelona.es\/de\/wp-json\/wp\/v2\/media\/12122"}],"wp:attachment":[{"href":"https:\/\/www.tuvalubarcelona.es\/de\/wp-json\/wp\/v2\/media?parent=17040"}],"wp:term":[{"taxonomy":"category","embeddable":true,"href":"https:\/\/www.tuvalubarcelona.es\/de\/wp-json\/wp\/v2\/categories?post=17040"},{"taxonomy":"post_tag","embeddable":true,"href":"https:\/\/www.tuvalubarcelona.es\/de\/wp-json\/wp\/v2\/tags?post=17040"}],"curies":[{"name":"wp","href":"https:\/\/api.w.org\/{rel}","templated":true}]}}